{"id":4244,"date":"2020-04-08T08:56:45","date_gmt":"2020-04-08T11:56:45","guid":{"rendered":"http:\/\/revidigital.com.br\/?p=4244"},"modified":"2020-04-08T08:56:45","modified_gmt":"2020-04-08T11:56:45","slug":"jornalismo-tem-hoje-aula-remota-especial-com-reporter-sonia-bridi","status":"publish","type":"post","link":"https:\/\/revidigital.ielusc.br\/index.php\/2020\/04\/08\/jornalismo-tem-hoje-aula-remota-especial-com-reporter-sonia-bridi\/","title":{"rendered":"Jornalismo tem hoje aula remota especial com rep\u00f3rter S\u00f4nia Bridi"},"content":{"rendered":"<p>A rep\u00f3rter <strong>S\u00f4nia Bridi<\/strong> (Globo) ministra <strong>aula remota<\/strong> especial para estudantes e egressos do curso de <strong>Jornalismo<\/strong> da <strong>Faculdade Ielusc<\/strong> nesta quarta-feira. O encontro marca o <strong>Dia do Jornalista<\/strong>, comemorado ontem (7\/4).<\/p>\n<p>O convite foi feito pelo coordenador do curso, Silvio Melatti. \u201cH\u00e1 tempos tentamos trazer a S\u00f4nia para uma conversa com os alunos, mas a agenda dela \u00e9 sempre muito cheia. Agora, com as aulas remotas por videoconfer\u00eancia, veio a oportunidade\u201d, afirma Melatti.<\/p>\n<p>Natural de Ca\u00e7ador-SC, S\u00f4nia dedica-se ao jornalismo desde a adolesc\u00eancia. Na d\u00e9cada de 1980, trabalhou como editora do telejornal RBS Not\u00edcias (RBS TV), em Florian\u00f3polis. Passou a integrar a equipe de jornalismo da <strong>Rede Globo<\/strong>, no Rio de Janeiro, em 1991. Desde ent\u00e3o, a atua\u00e7\u00e3o da catarinense passa por grandes reportagens em solo brasileiro e tamb\u00e9m como correspondente internacional na Inglaterra, Estados Unidos, Fran\u00e7a e China.<\/p>\n<p>A preocupa\u00e7\u00e3o com a tem\u00e1tica ambiental est\u00e1 sempre presente na vida da jornalista. Como rep\u00f3rter especial do\u00a0<strong><em>Fant\u00e1stico<\/em><\/strong>, S\u00f4nia abordou as mudan\u00e7as clim\u00e1ticas em s\u00e9ries especiais de reportagens. Em \u201c<em>Terra, que Tempo \u00e9 Esse?\u201d<\/em>, ela percorreu 12 pa\u00edses para mostrar os efeitos vis\u00edveis do <strong>aquecimento global<\/strong>. Na s\u00e9rie \u201c<em>A Jornada da Vida\u201d<\/em>, mostrou a evolu\u00e7\u00e3o das esp\u00e9cies mais diversas no planeta.<\/p>\n<p>S\u00f4nia tamb\u00e9m escreve livros. \u00c9 autora de \u201cLaowai (estrangeiro)\u00a0\u2013\u00a0hist\u00f3rias de uma rep\u00f3rter brasileira na China\u201d e do \u201cDi\u00e1rio do Clima.<\/p>\n<p>A aula especial come\u00e7a \u00e0s 19 horas pelo <strong>Google Meet<\/strong>. Egressos do curso de Jornalismo da Faculdade Ielusc podem obter o link de acesso deixando um coment\u00e1rio no post do Instagram <a href=\"https:\/\/www.instagram.com\/p\/B-ssnBmh1uV\/\">@jornalismo ielusc<\/a>.<\/p>\n<p>&nbsp;<\/p>\n<p><img decoding=\"async\" loading=\"lazy\" class=\"alignnone size-full wp-image-4245\" src=\"http:\/\/revidigital.com.br\/wp-content\/uploads\/2020\/04\/S\u00f4nia-Bridi.jpg\" alt=\"\" width=\"506\" height=\"504\" \/><\/p>\n<p>Fotos: Divulga\u00e7\u00e3o e Zero (UFSC)<\/p>\n","protected":false},"excerpt":{"rendered":"<p>A rep\u00f3rter S\u00f4nia Bridi (Globo) ministra aula remota especial para estudantes e egressos do curso de Jornalismo da Faculdade Ielusc nesta quarta-feira. O encontro marca o Dia do Jornalista, comemorado ontem (7\/4). O convite foi feito pelo coordenador do curso, Silvio Melatti. \u201cH\u00e1 tempos tentamos trazer a S\u00f4nia para uma conversa com os alunos, mas [&hellip;]<\/p>\n","protected":false},"author":5,"featured_media":4246,"comment_status":"open","ping_status":"open","sticky":false,"template":"","format":"standard","meta":{"footnotes":""},"categories":[97,20,4,78,24,1],"tags":[1032,57,34,1033],"_links":{"self":[{"href":"https:\/\/revidigital.ielusc.br\/index.php\/wp-json\/wp\/v2\/posts\/4244"}],"collection":[{"href":"https:\/\/revidigital.ielusc.br\/index.php\/wp-json\/wp\/v2\/posts"}],"about":[{"href":"https:\/\/revidigital.ielusc.br\/index.php\/wp-json\/wp\/v2\/types\/post"}],"author":[{"embeddable":true,"href":"https:\/\/revidigital.ielusc.br\/index.php\/wp-json\/wp\/v2\/users\/5"}],"replies":[{"embeddable":true,"href":"https:\/\/revidigital.ielusc.br\/index.php\/wp-json\/wp\/v2\/comments?post=4244"}],"version-history":[{"count":0,"href":"https:\/\/revidigital.ielusc.br\/index.php\/wp-json\/wp\/v2\/posts\/4244\/revisions"}],"wp:featuredmedia":[{"embeddable":true,"href":"https:\/\/revidigital.ielusc.br\/index.php\/wp-json\/"}],"wp:attachment":[{"href":"https:\/\/revidigital.ielusc.br\/index.php\/wp-json\/wp\/v2\/media?parent=4244"}],"wp:term":[{"taxonomy":"category","embeddable":true,"href":"https:\/\/revidigital.ielusc.br\/index.php\/wp-json\/wp\/v2\/categories?post=4244"},{"taxonomy":"post_tag","embeddable":true,"href":"https:\/\/revidigital.ielusc.br\/index.php\/wp-json\/wp\/v2\/tags?post=4244"}],"curies":[{"name":"wp","href":"https:\/\/api.w.org\/{rel}","templated":true}]}}