{"id":4252,"date":"2020-04-09T16:26:08","date_gmt":"2020-04-09T19:26:08","guid":{"rendered":"http:\/\/revidigital.com.br\/?p=4252"},"modified":"2020-04-09T16:26:08","modified_gmt":"2020-04-09T19:26:08","slug":"sonia-bridi-conta-suas-historias-de-reporter","status":"publish","type":"post","link":"https:\/\/revidigital.ielusc.br\/index.php\/2020\/04\/09\/sonia-bridi-conta-suas-historias-de-reporter\/","title":{"rendered":"S\u00f4nia Bridi conta suas hist\u00f3rias de rep\u00f3rter"},"content":{"rendered":"<p>Um total de 153 pessoas, entre alunos, professores e egressos da <strong>Faculdade Ielusc <\/strong>participaram da aula remota especial com a jornalista<strong> S\u00f4nia Bridi<\/strong>. A convidada contou sobre sua forma\u00e7\u00e3o, experi\u00eancias e respondeu a v\u00e1rias perguntas feitas pelo chat.<\/p>\n<p>S\u00f4nia \u00e9 natural de <strong>Ca\u00e7ador-SC,<\/strong>\u00a0aos 14 anos come\u00e7ou a trabalhar em um jornal local de sua cidade natal. &#8220;Eu tinha uma coluna no jornal e ganhava livros e discos&#8221;, conta. Foi uma de suas professora que a estimulou a ser jornalista. Mudou-se para uma pens\u00e3o em\u00a0<strong>Florian\u00f3polis<\/strong> para cursar <strong>Filosofia<\/strong>, mas acabou trancando o curso no segundo ano e s\u00f3 voltou para a universidade aos 27 anos, para cursar Jornalismo na Universidade Federal de Santa Catarina.<\/p>\n<p>S\u00f4nia contou que, quando trabalha em outro pa\u00eds, procura aprender o m\u00e1ximo poss\u00edvel sobre a cultura local. &#8220;Como correspondente da Globo na <strong>China<\/strong>, entre 2005 e 2006, eu li tudo o que pude sobre a hist\u00f3ria, economia at\u00e9 romance chin\u00eas&#8221;, exemplifica. Ela tamb\u00e9m trabalhou em Londres, Nova Iorque e Paris.<\/p>\n<p>Rep\u00f3rter da rede <strong>Globo<\/strong> desde 1998, S\u00f4nia destacou a import\u00e2ncia do jornalismo para a sociedade. &#8220;O jornalismo tem que ser s\u00e9rio, bem apurado, relevante e n\u00e3o mudar a postura, pois o jornalista n\u00e3o faz reportagem para mostrar o que est\u00e1 pensando, mas sim para informar o p\u00fablico&#8221;, destacou.<\/p>\n<p>S\u00f4nia, que j\u00e1 deu a volta ao mundo por conta de reportagens especiais, contou que um dos momento mais tensos da carreira ocorreu em 2014, quando foi a Moscou para entrevistar Edward Snowden, agente secreto americano que denunciou esquema de espionagem dos Estados Unidos sobre outros pa\u00edses, inclusive sobre a Petrobr\u00e1s e a ent\u00e3o presidente Dilma Rousseff. &#8220;Alugamos equipamentos l\u00e1 porque fomos com visto de turistas&#8221;, explica. Depois que j\u00e1 estava com todo o material gravado com Snowden, S\u00f4nia sentiu o risco iminente de perder tudo e at\u00e9 de ser presa se fosse revistada pela pol\u00edcia do aeroporto.\u00a0 &#8220;Felizmente isso n\u00e3o aconteceu e depois de tr\u00eas dias sem dormir, pude descansar no avi\u00e3o&#8221;, disse.<\/p>\n<p>Ela tamb\u00e9m contou sobre sua rotina de trabalho. As reuni\u00f5es de pauta do Fant\u00e1stico acontecem toda ter\u00e7a-feira. &#8220;Rep\u00f3rteres, editores, a produ\u00e7\u00e3o, todos participam da reuni\u00e3o e a gente comenta sobre as mat\u00e9rias que foram ao ar, o que podia ter sido diferente. Depois conversamos sobre sugest\u00e3o de pautas&#8221;, explicou. Ela conta que n\u00e3o h\u00e1 qualquer impedimento para publica\u00e7\u00e3o das pautas, desde que estejam bem apuradas. A rep\u00f3rter destacou a import\u00e2ncia da ci\u00eancia e disparou: &#8220;Achismo n\u00e3o \u00e9 o outro lado [da hist\u00f3ria]&#8221;, para justificar que n\u00e3o \u00e9 papel do jornalismo dar espa\u00e7o a meras opini\u00f5es pessoais sem qualquer fundamenta\u00e7\u00e3o comprovada.<\/p>\n<figure id=\"attachment_4258\" aria-describedby=\"caption-attachment-4258\" style=\"width: 891px\" class=\"wp-caption alignnone\"><img decoding=\"async\" loading=\"lazy\" class=\"wp-image-4258 size-full\" src=\"http:\/\/revidigital.com.br\/wp-content\/uploads\/2020\/04\/Bridi6.jpg\" alt=\"\" width=\"891\" height=\"457\" \/><figcaption id=\"caption-attachment-4258\" class=\"wp-caption-text\">Jornalista respondeu a todos os questionamentos de estudantes e colegas de profiss\u00e3o \/Reprodu\u00e7\u00e3o de tela<\/figcaption><\/figure>\n<p><strong>Leitura e bom texto<\/strong><\/p>\n<p>Aos jovens jornalistas, S\u00f4nia Bridi recomendou a pr\u00e1tica constante da leitura. Entre seus livros prediletos, destacou\u00a0<strong>Crime e Castigo <\/strong>(Fi\u00f3dor Dostoi\u00e9vski), <strong>As Vinhas da Ira<\/strong>\u00a0(John Steinbeck) e <strong>Germinal <\/strong>(<strong>\u00c9mile Zola)<\/strong>. Em julho de 2008, S\u00f4nia escreveu <strong>&#8220;Laowai &#8211; Hist\u00f3rias de uma rep\u00f3rter brasileira na China&#8221;. <\/strong>&#8220;At\u00e9 que foi r\u00e1pido, escrevia, em m\u00e9dia, um\u00a0cap\u00edtulo\u00a0 a cada dois dias.&#8221;<\/p>\n<p>Al\u00e9m da leitura, a rep\u00f3rter destacou a import\u00e2ncia de ter um bom texto para os jornalistas. &#8220;Costumo escrever e sussurrar o texto, porque preciso ver se o tamanho das frases est\u00e1 adequado, se vai ter o ritmo certo&#8221;, contou. Ela tamb\u00e9m destacou a import\u00e2ncia do estudo da filosofia para sua carreira. &#8220;\u00c9 fundamental, porque a filosofia ensina a perguntar.&#8221;<\/p>\n<p>Por uma hora e meia, a jornalista respondeu aos questionamentos dos participantes. O coordenador do curso, Silvio Melatti, mediou a conversa. Durante e ap\u00f3s a aula, v\u00e1rias manifesta\u00e7\u00f5es de agradecimento foram publicadas nas redes sociais.<\/p>\n<p>O egresso Rodrigo Pereira, que atualmente mora na Austr\u00e1lia, elogiou a iniciativa do curso. &#8220;Excelente oportunidade de aprender e de rever os colegas&#8221;, comentou. &#8220;Foi um privil\u00e9gio&#8221;, definiu a estudante T\u00e1rsila Ebert. &#8220;At\u00e9 chorei, foi lindo demais&#8221;, declarou a aluna Nadine Quandt.<\/p>\n<p>Por conta da pandemia do Coronav\u00edrus, todos os cursos da Faculdade Ielusc adotaram as aulas remotas, por meio de videoconfer\u00eancias.<\/p>\n<p>&nbsp;<\/p>\n<p>&nbsp;<\/p>\n<p>&nbsp;<\/p>\n<p>&nbsp;<\/p>\n","protected":false},"excerpt":{"rendered":"<p>Um total de 153 pessoas, entre alunos, professores e egressos da Faculdade Ielusc participaram da aula remota especial com a jornalista S\u00f4nia Bridi. A convidada contou sobre sua forma\u00e7\u00e3o, experi\u00eancias e respondeu a v\u00e1rias perguntas feitas pelo chat. S\u00f4nia \u00e9 natural de Ca\u00e7ador-SC,\u00a0aos 14 anos come\u00e7ou a trabalhar em um jornal local de sua cidade [&hellip;]<\/p>\n","protected":false},"author":13,"featured_media":4257,"comment_status":"open","ping_status":"open","sticky":false,"template":"","format":"standard","meta":{"footnotes":""},"categories":[14,20,4,78,24],"tags":[1034,1035,1036,348,460,1033],"_links":{"self":[{"href":"https:\/\/revidigital.ielusc.br\/index.php\/wp-json\/wp\/v2\/posts\/4252"}],"collection":[{"href":"https:\/\/revidigital.ielusc.br\/index.php\/wp-json\/wp\/v2\/posts"}],"about":[{"href":"https:\/\/revidigital.ielusc.br\/index.php\/wp-json\/wp\/v2\/types\/post"}],"author":[{"embeddable":true,"href":"https:\/\/revidigital.ielusc.br\/index.php\/wp-json\/wp\/v2\/users\/13"}],"replies":[{"embeddable":true,"href":"https:\/\/revidigital.ielusc.br\/index.php\/wp-json\/wp\/v2\/comments?post=4252"}],"version-history":[{"count":0,"href":"https:\/\/revidigital.ielusc.br\/index.php\/wp-json\/wp\/v2\/posts\/4252\/revisions"}],"wp:featuredmedia":[{"embeddable":true,"href":"https:\/\/revidigital.ielusc.br\/index.php\/wp-json\/"}],"wp:attachment":[{"href":"https:\/\/revidigital.ielusc.br\/index.php\/wp-json\/wp\/v2\/media?parent=4252"}],"wp:term":[{"taxonomy":"category","embeddable":true,"href":"https:\/\/revidigital.ielusc.br\/index.php\/wp-json\/wp\/v2\/categories?post=4252"},{"taxonomy":"post_tag","embeddable":true,"href":"https:\/\/revidigital.ielusc.br\/index.php\/wp-json\/wp\/v2\/tags?post=4252"}],"curies":[{"name":"wp","href":"https:\/\/api.w.org\/{rel}","templated":true}]}}