{"id":4260,"date":"2020-04-14T17:44:35","date_gmt":"2020-04-14T20:44:35","guid":{"rendered":"http:\/\/revidigital.com.br\/?p=4260"},"modified":"2020-04-14T17:44:35","modified_gmt":"2020-04-14T20:44:35","slug":"presidente-da-acaert-participa-do-pp-talks-por-videoconferencia","status":"publish","type":"post","link":"https:\/\/revidigital.ielusc.br\/index.php\/2020\/04\/14\/presidente-da-acaert-participa-do-pp-talks-por-videoconferencia\/","title":{"rendered":"Presidente da Acaert participa do PP Talks por videoconfer\u00eancia"},"content":{"rendered":"<p>&#8220;Os ve\u00edculos de Santa Catarina e as tend\u00eancias do comportamento do consumidor&#8221; \u00e9 o tema escolhido para a edi\u00e7\u00e3o desta ter\u00e7a-feira (14) do\u00a0<strong>PP Talks<\/strong>. O presidente da <strong>Associa\u00e7\u00e3o Catarinense de Emissoras de R\u00e1dio e Televis\u00e3o (Acaert)<\/strong> e diretor regional do <strong>Grupo ND<\/strong>, Silvano Silva, \u00e9 o convidado desta noite.<\/p>\n<p><strong>Transforma\u00e7\u00e3o digital<\/strong>, mercado local,\u00a0 como as empresas do setor se posicionam diante dos cen\u00e1rios atuais e o futuro da publicidade est\u00e3o entre os alguns do bate-papo on-line. Devido ao per\u00edodo de isolamento social em que o pa\u00eds est\u00e1, a conversa, de forma remota, come\u00e7a \u00e0s 19 horas e por meio\u00a0 do <strong>Google Meet<\/strong> dispon\u00edvel neste <a href=\"https:\/\/meet.google.com\/tib-opss-ond?fbclid=IwAR3yRe18stFeKE0SrICtqzkJZgzEjp3o0gtj1TSdN9snedlrJqifB7rl8gU\">link<\/a>. Acompanhe tamb\u00e9m atrav\u00e9s do Instagram do curso: <strong>@pp.ielusc<\/strong>.<\/p>\n<figure id=\"attachment_4261\" aria-describedby=\"caption-attachment-4261\" style=\"width: 900px\" class=\"wp-caption aligncenter\"><img decoding=\"async\" loading=\"lazy\" class=\"wp-image-4261 size-full\" src=\"http:\/\/revidigital.com.br\/wp-content\/uploads\/2020\/04\/silvano_silva.jpg\" alt=\"\" width=\"900\" height=\"547\" \/><figcaption id=\"caption-attachment-4261\" class=\"wp-caption-text\">Presidente da Acaert aborda temas importantes para o bate-papo no PP Talks \/ Foto: Divulga\u00e7\u00e3o<\/figcaption><\/figure>\n<p>&nbsp;<\/p>\n<p>&nbsp;<\/p>\n<p>&nbsp;<\/p>\n<p>&nbsp;<\/p>\n","protected":false},"excerpt":{"rendered":"<p>&#8220;Os ve\u00edculos de Santa Catarina e as tend\u00eancias do comportamento do consumidor&#8221; \u00e9 o tema escolhido para a edi\u00e7\u00e3o desta ter\u00e7a-feira (14) do\u00a0PP Talks. O presidente da Associa\u00e7\u00e3o Catarinense de Emissoras de R\u00e1dio e Televis\u00e3o (Acaert) e diretor regional do Grupo ND, Silvano Silva, \u00e9 o convidado desta noite. Transforma\u00e7\u00e3o digital, mercado local,\u00a0 como as [&hellip;]<\/p>\n","protected":false},"author":13,"featured_media":4261,"comment_status":"open","ping_status":"open","sticky":false,"template":"","format":"standard","meta":{"footnotes":""},"categories":[20,4,78,26,6],"tags":[551,1037,1038,156,91,57,1039,1040,1041,103,1042],"_links":{"self":[{"href":"https:\/\/revidigital.ielusc.br\/index.php\/wp-json\/wp\/v2\/posts\/4260"}],"collection":[{"href":"https:\/\/revidigital.ielusc.br\/index.php\/wp-json\/wp\/v2\/posts"}],"about":[{"href":"https:\/\/revidigital.ielusc.br\/index.php\/wp-json\/wp\/v2\/types\/post"}],"author":[{"embeddable":true,"href":"https:\/\/revidigital.ielusc.br\/index.php\/wp-json\/wp\/v2\/users\/13"}],"replies":[{"embeddable":true,"href":"https:\/\/revidigital.ielusc.br\/index.php\/wp-json\/wp\/v2\/comments?post=4260"}],"version-history":[{"count":0,"href":"https:\/\/revidigital.ielusc.br\/index.php\/wp-json\/wp\/v2\/posts\/4260\/revisions"}],"wp:featuredmedia":[{"embeddable":true,"href":"https:\/\/revidigital.ielusc.br\/index.php\/wp-json\/"}],"wp:attachment":[{"href":"https:\/\/revidigital.ielusc.br\/index.php\/wp-json\/wp\/v2\/media?parent=4260"}],"wp:term":[{"taxonomy":"category","embeddable":true,"href":"https:\/\/revidigital.ielusc.br\/index.php\/wp-json\/wp\/v2\/categories?post=4260"},{"taxonomy":"post_tag","embeddable":true,"href":"https:\/\/revidigital.ielusc.br\/index.php\/wp-json\/wp\/v2\/tags?post=4260"}],"curies":[{"name":"wp","href":"https:\/\/api.w.org\/{rel}","templated":true}]}}