{"id":4264,"date":"2020-04-15T13:36:28","date_gmt":"2020-04-15T16:36:28","guid":{"rendered":"http:\/\/revidigital.com.br\/?p=4264"},"modified":"2020-04-15T13:36:28","modified_gmt":"2020-04-15T16:36:28","slug":"mestrado-tem-inscricoes-prorrogadas-ate-31-de-julho","status":"publish","type":"post","link":"https:\/\/revidigital.ielusc.br\/index.php\/2020\/04\/15\/mestrado-tem-inscricoes-prorrogadas-ate-31-de-julho\/","title":{"rendered":"Mestrado tem inscri\u00e7\u00f5es prorrogadas at\u00e9 31 de julho"},"content":{"rendered":"<p>Devido \u00e0 pandemia novo <strong>Coronav\u00edrus (Covid-19) <\/strong>e consequente <strong>isolamento social<\/strong>, as inscri\u00e7\u00f5es para o\u00a0<strong>Mestrado <\/strong>Interinstitucional (Minter) em<strong> Comunica\u00e7\u00e3o e Consumo <\/strong>est\u00e3o\u00a0 prorrogadas at\u00e9 o dia 31 de julho.<\/p>\n<p>O curso \u00e9 resultado de uma parceria entre a\u00a0<strong>Escola Superior de Propaganda e Marketing (ESPM\/SP)<\/strong> e a <strong>Faculdade Ielusc<\/strong>. O curso tem nota m\u00e1xima da Capes (Coordena\u00e7\u00e3o de Aperfei\u00e7oamento de Pessoal de N\u00edvel Superior).<\/p>\n<p>O <strong>processo seletivo<\/strong> dos candidatos ocorre de <strong>6 a 10 de agosto<\/strong> e a <strong>matr\u00edcula<\/strong> pode ser feita a partir do dia <strong>11 de agosto<\/strong>. O in\u00edcio das aulas do mestrado come\u00e7a ainda no <strong>m\u00eas de agosto<\/strong>.<\/p>\n<p>O curso est\u00e1 organizado em duas linhas de pesquisa:\u00a0<strong>Comunica\u00e7\u00e3o, consumo e contextos de recep\u00e7\u00e3o,<\/strong>\u00a0que estuda os marcos hist\u00f3ricos e processos contempor\u00e2neos da recep\u00e7\u00e3o, bem como as novas pr\u00e1ticas e perfis de receptores\/usu\u00e1rios; e\u00a0<strong>Comunica\u00e7\u00e3o, consumo e l\u00f3gicas de produ\u00e7\u00e3o,<\/strong>\u00a0que\u00a0 estuda os sistemas de produ\u00e7\u00e3o que se evidenciam nos processos, formatos e objetos comunicacionais.<\/p>\n<p>Para saber mais informa\u00e7\u00f5es sobre como funciona o mestrado, acesse o <a href=\"https:\/\/www.espm.br\/doutorado\/joinville\/mestrado-em-comunicacao-e-praticas-de-consumo-joinville\/?fbclid=IwAR0cLBo1YNE78Lp_onuBxmXr0kpTttBHC980m2neTja8WzNPu2Tnwi9e_74#1582124036039-fd74256f-b41e\">link<\/a>.<\/p>\n<p>&nbsp;<\/p>\n<p>&nbsp;<\/p>\n","protected":false},"excerpt":{"rendered":"<p>Devido \u00e0 pandemia novo Coronav\u00edrus (Covid-19) e consequente isolamento social, as inscri\u00e7\u00f5es para o\u00a0Mestrado Interinstitucional (Minter) em Comunica\u00e7\u00e3o e Consumo est\u00e3o\u00a0 prorrogadas at\u00e9 o dia 31 de julho. O curso \u00e9 resultado de uma parceria entre a\u00a0Escola Superior de Propaganda e Marketing (ESPM\/SP) e a Faculdade Ielusc. O curso tem nota m\u00e1xima da Capes (Coordena\u00e7\u00e3o [&hellip;]<\/p>\n","protected":false},"author":13,"featured_media":4265,"comment_status":"open","ping_status":"open","sticky":false,"template":"","format":"standard","meta":{"footnotes":""},"categories":[20,4],"tags":[1010,998,57,999,1000,1043],"_links":{"self":[{"href":"https:\/\/revidigital.ielusc.br\/index.php\/wp-json\/wp\/v2\/posts\/4264"}],"collection":[{"href":"https:\/\/revidigital.ielusc.br\/index.php\/wp-json\/wp\/v2\/posts"}],"about":[{"href":"https:\/\/revidigital.ielusc.br\/index.php\/wp-json\/wp\/v2\/types\/post"}],"author":[{"embeddable":true,"href":"https:\/\/revidigital.ielusc.br\/index.php\/wp-json\/wp\/v2\/users\/13"}],"replies":[{"embeddable":true,"href":"https:\/\/revidigital.ielusc.br\/index.php\/wp-json\/wp\/v2\/comments?post=4264"}],"version-history":[{"count":0,"href":"https:\/\/revidigital.ielusc.br\/index.php\/wp-json\/wp\/v2\/posts\/4264\/revisions"}],"wp:featuredmedia":[{"embeddable":true,"href":"https:\/\/revidigital.ielusc.br\/index.php\/wp-json\/"}],"wp:attachment":[{"href":"https:\/\/revidigital.ielusc.br\/index.php\/wp-json\/wp\/v2\/media?parent=4264"}],"wp:term":[{"taxonomy":"category","embeddable":true,"href":"https:\/\/revidigital.ielusc.br\/index.php\/wp-json\/wp\/v2\/categories?post=4264"},{"taxonomy":"post_tag","embeddable":true,"href":"https:\/\/revidigital.ielusc.br\/index.php\/wp-json\/wp\/v2\/tags?post=4264"}],"curies":[{"name":"wp","href":"https:\/\/api.w.org\/{rel}","templated":true}]}}