{"id":4725,"date":"2020-09-10T11:08:08","date_gmt":"2020-09-10T14:08:08","guid":{"rendered":"http:\/\/revidigital.com.br\/?p=4725"},"modified":"2020-09-10T11:08:08","modified_gmt":"2020-09-10T14:08:08","slug":"sic-apresenta-hoje-trabalhos-de-estudantes-e-egressos","status":"publish","type":"post","link":"https:\/\/revidigital.ielusc.br\/index.php\/2020\/09\/10\/sic-apresenta-hoje-trabalhos-de-estudantes-e-egressos\/","title":{"rendered":"SIC apresenta hoje trabalhos de estudantes e egressos"},"content":{"rendered":"<p>Um total de dezessete <strong>trabalhos acad\u00eamicos<\/strong> est\u00e3o inscritos na <strong>SIC<\/strong> \u2013 <strong>Semana Integrada de Comunica\u00e7\u00e3o<\/strong>, evento que come\u00e7ou na ter\u00e7a-feira e se estende at\u00e9 sexta. As apresenta\u00e7\u00f5es come\u00e7am hoje, \u00e0s 19 horas, e podem ser acompanhadas pela comunidade em geral, via Google Meet.<\/p>\n<p>Resultados de <strong>pesquisas<\/strong> de <strong>mestrado<\/strong>, trabalhos de conclus\u00e3o de curso de gradua\u00e7\u00e3o, <strong>projetos experimentais<\/strong>, entre outros, ser\u00e3o apresentados ao p\u00fablico em tr\u00eas sess\u00f5es, duas na noite de hoje e uma na sexta-feira. \u201cFicamos bem satisfeitos com a participa\u00e7\u00e3o dos estudantes e egressos, pois a SIC \u00e9 um espa\u00e7o de circula\u00e7\u00e3o e de trocas de conhecimentos de temas pertinentes ao campo da comunica\u00e7\u00e3o social, do Jornalismo e da Publicidade e acaba tamb\u00e9m servindo como est\u00edmulo \u00e0 pesquisa e \u00e0 inova\u00e7\u00e3o\u201d, afirma a professora Maria Elisa M\u00e1ximo, uma das organizadoras do evento.<\/p>\n<p>O professor Sandro Galar\u00e7a \u00e9 o mediador da primeira sess\u00e3o, que come\u00e7a \u00e0s 19 horas e ter\u00e1 a participa\u00e7\u00e3o de cinco jornalistas formados pela <strong>Faculdade Ielusc<\/strong>. James Klaus apresenta um resumo da sua disserta\u00e7\u00e3o de mestrado em Comunica\u00e7\u00e3o (UFPR) e Let\u00edcia de Castro, que cursa mestrado em Jornalismo na UFSC, apresenta um trabalho orientado pelo professor Samuel Pantoja Lima. As jornalistas Mar\u00edlia Comelli, Helena Bosse e Mariana Costa apresentam resumos de seus TCCs. Fake news nas elei\u00e7\u00f5es de 2018, proposta de design inclusivo para dalt\u00f4nicos e an\u00e1lise das threads da Folha de S. Paulo s\u00e3o, respectivamente, os temas abordados.<\/p>\n<figure id=\"attachment_4726\" aria-describedby=\"caption-attachment-4726\" style=\"width: 518px\" class=\"wp-caption alignnone\"><img decoding=\"async\" loading=\"lazy\" class=\"wp-image-4726 size-full\" src=\"http:\/\/revidigital.com.br\/wp-content\/uploads\/2020\/09\/Livro-Mariana.jpg\" alt=\"\" width=\"518\" height=\"442\" \/><figcaption id=\"caption-attachment-4726\" class=\"wp-caption-text\">Livro-reportagem de Liandra Tank e Mariana Costa est\u00e1 entre os trabalhos inscritos<\/figcaption><\/figure>\n<p>A segunda sess\u00e3o ter\u00e1 media\u00e7\u00e3o da professora Mar\u00edlia Crispi de Moraes. S\u00e3o cinco apresenta\u00e7\u00f5es, duas de projetos experimentais e tr\u00eas de TCCs. Mariana Costa e Liandra Tank apresentam o <strong>livro-reportagem<\/strong> sobre religi\u00f5es, produzido com uso de realidade aumentada. Roberto Bett e Mariane Machado falam\u00a0 de sua grande reportagem sobre o <em>rugby<\/em> como esporte ol\u00edmpico. Educomunica\u00e7\u00e3o \u00e9 o assunto de Ana Carolina Jo\u00e3o, e jornalismo ambiental \u00e9 o tema de Gabriela Bittencourt. Gustavo Luzzani discute o machismo ao fazer an\u00e1lise da cobertura da Copa do Mundo de Futebol Feminino de 2019. Abaixo os links para cada sess\u00e3o.<\/p>\n<p><a href=\"https:\/\/meet.google.com\/nij-qmhf-ang\">Primeira Sess\u00e3o &#8211; In\u00edcio 19 horas<\/a> &#8211;\u00a0https:\/\/meet.google.com\/nij-qmhf-ang<\/p>\n<p><a href=\"https:\/\/meet.google.com\/hcj-ayym-zzt\">Segunda Sess\u00e3o &#8211; In\u00edcio \u00e0s 20h50<\/a> &#8211;\u00a0https:\/\/meet.google.com\/hcj-ayym-zzt<\/p>\n<p>&nbsp;<\/p>\n<p>&nbsp;<\/p>\n<p>&nbsp;<\/p>\n<p>&nbsp;<\/p>\n","protected":false},"excerpt":{"rendered":"<p>Um total de dezessete trabalhos acad\u00eamicos est\u00e3o inscritos na SIC \u2013 Semana Integrada de Comunica\u00e7\u00e3o, evento que come\u00e7ou na ter\u00e7a-feira e se estende at\u00e9 sexta. As apresenta\u00e7\u00f5es come\u00e7am hoje, \u00e0s 19 horas, e podem ser acompanhadas pela comunidade em geral, via Google Meet. Resultados de pesquisas de mestrado, trabalhos de conclus\u00e3o de curso de gradua\u00e7\u00e3o, [&hellip;]<\/p>\n","protected":false},"author":5,"featured_media":4690,"comment_status":"open","ping_status":"open","sticky":false,"template":"","format":"standard","meta":{"footnotes":""},"categories":[14,20,4,78,24],"tags":[57,1181,113,104,1182,1183],"_links":{"self":[{"href":"https:\/\/revidigital.ielusc.br\/index.php\/wp-json\/wp\/v2\/posts\/4725"}],"collection":[{"href":"https:\/\/revidigital.ielusc.br\/index.php\/wp-json\/wp\/v2\/posts"}],"about":[{"href":"https:\/\/revidigital.ielusc.br\/index.php\/wp-json\/wp\/v2\/types\/post"}],"author":[{"embeddable":true,"href":"https:\/\/revidigital.ielusc.br\/index.php\/wp-json\/wp\/v2\/users\/5"}],"replies":[{"embeddable":true,"href":"https:\/\/revidigital.ielusc.br\/index.php\/wp-json\/wp\/v2\/comments?post=4725"}],"version-history":[{"count":0,"href":"https:\/\/revidigital.ielusc.br\/index.php\/wp-json\/wp\/v2\/posts\/4725\/revisions"}],"wp:featuredmedia":[{"embeddable":true,"href":"https:\/\/revidigital.ielusc.br\/index.php\/wp-json\/"}],"wp:attachment":[{"href":"https:\/\/revidigital.ielusc.br\/index.php\/wp-json\/wp\/v2\/media?parent=4725"}],"wp:term":[{"taxonomy":"category","embeddable":true,"href":"https:\/\/revidigital.ielusc.br\/index.php\/wp-json\/wp\/v2\/categories?post=4725"},{"taxonomy":"post_tag","embeddable":true,"href":"https:\/\/revidigital.ielusc.br\/index.php\/wp-json\/wp\/v2\/tags?post=4725"}],"curies":[{"name":"wp","href":"https:\/\/api.w.org\/{rel}","templated":true}]}}