{"id":4896,"date":"2020-11-11T13:29:09","date_gmt":"2020-11-11T16:29:09","guid":{"rendered":"http:\/\/revidigital.com.br\/?p=4896"},"modified":"2020-11-11T13:29:09","modified_gmt":"2020-11-11T16:29:09","slug":"pandemia-adapta-o-primeira-pauta-para-a-internet","status":"publish","type":"post","link":"https:\/\/revidigital.ielusc.br\/index.php\/2020\/11\/11\/pandemia-adapta-o-primeira-pauta-para-a-internet\/","title":{"rendered":"Jornal Primeira Pauta presente na web e no papel"},"content":{"rendered":"\n<p class=\"has-text-align-left\">Todos os anos, os estudantes da quarta fase de <strong>Jornalismo<\/strong> da <strong>Faculdade Ielusc<\/strong>, produzem o jornal impresso <a href=\"https:\/\/primeirapauta.ielusc.br\/\">Primeira Pauta<\/a>, que existe h\u00e1 duas d\u00e9cadas.  Este ano, por conta da pandemia, tr\u00eas das edi\u00e7\u00f5es do semestre s\u00e3o veiculadas pela internet e uma, com reportagens especiais sobre as <strong>Elei\u00e7\u00f5es<\/strong>, foi impressa e come\u00e7a a circular hoje.<\/p>\n\n\n\n<p class=\"has-text-align-left\">O professor Sandro Galar\u00e7a orienta os estudantes na disciplina de Jornal Laborat\u00f3rio.  Como a maior parte das aulas ocorreu de modo remoto (on-line), o desafio de produzir as edi\u00e7\u00f5es foi ainda maior. <\/p>\n\n\n\n<p class=\"has-text-align-left\">Na opini\u00e3o do estudante Pedro Novais, o distanciamento torna qualquer trabalho de equipe mais complexo. &#8220;Se mando uma mensagem para um colega, tenho que esperar ele visualizar.  \u00c0s vezes o diagramador tem um problema para diagramar e eu n\u00e3o posso ajudar, porque cada um est\u00e1 na sua casa\u201d, observa Pedro.  <\/p>\n\n\n\n<p class=\"has-text-align-left\">O  professor Galar\u00e7a concorda a falta de contato presencial \u00e9 um obst\u00e1culo a mais na produ\u00e7\u00e3o de um jornal. Ele precisou adaptar as aulas, feitas pela plataforma Google Meet, para simular uma reda\u00e7\u00e3o.  \u201cCada aluno teve que passar por etapas diferentes e realizar v\u00e1rias fun\u00e7\u00f5es. Passei algumas instru\u00e7\u00f5es por v\u00eddeo, mas a maioria foi ao vivo\u201d, conta o jornalista.<\/p>\n\n\n\n<figure class=\"wp-block-image size-large\"><img decoding=\"async\" src=\"http:\/\/revidigital.com.br\/wp-content\/uploads\/2020\/11\/pp-digital.jpg\" alt=\"\" class=\"wp-image-4927\"\/><figcaption>Na internet, o leitor encontra todas as reportagens produzidas durante o semestre<\/figcaption><\/figure>\n\n\n\n<p style=\"font-size:23px\"><strong>Pontos positivos <\/strong><\/p>\n\n\n\n<p>A estudante Isadora Castro destaca a import\u00e2ncia da veicula\u00e7\u00e3o das informa\u00e7\u00f5es nos meios virtuais. \u201cDificilmente vamos encontrar um jornal que trabalhe somente com o impresso. Ainda assim,  \u00e9 importante entender como funciona o m\u00e9todo de impress\u00e3o em papel e tamb\u00e9m atender ao p\u00fablico com mais idade\u201d, avalia a futura jornalista. <\/p>\n\n\n\n<p>Durante o semestre, a estudante aprendeu a utilizar o publicador de textos e a divulgar mat\u00e9rias no Instagram e Twitter, da forma correta. \u201cO mais importante no meio virtual \u00e9 saber qual o hor\u00e1rio ideal para postar e com que frequ\u00eancia fazer postagens, para que o m\u00e1ximo de pessoas veja a mat\u00e9ria\u201d, destaca a estudante de Jornalismo.<\/p>\n\n\n\n<p>Os rep\u00f3rteres do Primeira Pauta encontraram facilidade para divulgar os textos. \u201cCompartilhamos nos <em>stories<\/em> e <em>feeds<\/em> do Instagram e tamb\u00e9m no Twitter. Al\u00e9m disso, mandamos em grupos da fam\u00edlia, para que pudessem nos ajudar com a divulga\u00e7\u00e3o tamb\u00e9m\u201d, lembra Isadora. <\/p>\n\n\n\n<p>A quarta fase de Jornalismo tamb\u00e9m produz v\u00eddeos para que os rep\u00f3rteres expliquem por que escolheram determinada pauta.  Entre as vantagens de produzir o Primeira Pauta para veicula\u00e7\u00e3o na internet, Galar\u00e7a cita a facilidade de acesso a v\u00e1rias formas de comunica\u00e7\u00f5es entre professor e alunos, como o uso de e-mail, Whatsapp, Meet, entre outros aplicativos de conversa. <\/p>\n\n\n\n<p style=\"font-size:27px\"><strong>Edi\u00e7\u00e3o impressa<\/strong><\/p>\n\n\n\n<p>Para a produ\u00e7\u00e3o da \u00fanica edi\u00e7\u00e3o impressa do semestre, a 153, os estudantes contaram tamb\u00e9m com a orienta\u00e7\u00e3o do professor Jo\u00e3o Kamradt, doutor em Sociologia Pol\u00edtica.   \u201cTodas as mat\u00e9rias foram sobre pol\u00edtica, com 11 reportagens que couberam na edi\u00e7\u00e3o impressa.  As demais v\u00e3o para a digital\u201d, disse Galar\u00e7a.  <\/p>\n\n\n\n<p class=\"has-text-align-left\">Os textos  dos jovens rep\u00f3rteres trazem uma avalia\u00e7\u00e3o sobre os oito anos de mandato do prefeito Udo D\u00f6hler, destacam a representatividade feminina no meio pol\u00edtico e mostram como \u00e9 o trabalho de um vereador. <\/p>\n\n\n\n<p class=\"has-text-align-left\">Para acessar as reportagens do Primeira Pauta, basta clicar neste link: <a href=\"https:\/\/primeirapauta.ielusc.br\/\">https:\/\/primeirapauta.ielusc.br\/<\/a><br><br><\/p>\n\n\n\n<p><br><\/p>\n","protected":false},"excerpt":{"rendered":"<p>Todos os anos, os estudantes da quarta fase de Jornalismo da Faculdade Ielusc, produzem o jornal impresso Primeira Pauta, que existe h\u00e1 duas d\u00e9cadas. Este ano, por conta da pandemia, tr\u00eas das edi\u00e7\u00f5es do semestre s\u00e3o veiculadas pela internet e uma, com reportagens especiais sobre as Elei\u00e7\u00f5es, foi impressa e come\u00e7a a circular hoje. O [&hellip;]<\/p>\n","protected":false},"author":16,"featured_media":4928,"comment_status":"open","ping_status":"open","sticky":false,"template":"","format":"standard","meta":{"footnotes":""},"categories":[14,97,20,4,188,26,6],"tags":[521,570,579,34,1222,675,1007,1223],"_links":{"self":[{"href":"https:\/\/revidigital.ielusc.br\/index.php\/wp-json\/wp\/v2\/posts\/4896"}],"collection":[{"href":"https:\/\/revidigital.ielusc.br\/index.php\/wp-json\/wp\/v2\/posts"}],"about":[{"href":"https:\/\/revidigital.ielusc.br\/index.php\/wp-json\/wp\/v2\/types\/post"}],"author":[{"embeddable":true,"href":"https:\/\/revidigital.ielusc.br\/index.php\/wp-json\/wp\/v2\/users\/16"}],"replies":[{"embeddable":true,"href":"https:\/\/revidigital.ielusc.br\/index.php\/wp-json\/wp\/v2\/comments?post=4896"}],"version-history":[{"count":0,"href":"https:\/\/revidigital.ielusc.br\/index.php\/wp-json\/wp\/v2\/posts\/4896\/revisions"}],"wp:featuredmedia":[{"embeddable":true,"href":"https:\/\/revidigital.ielusc.br\/index.php\/wp-json\/"}],"wp:attachment":[{"href":"https:\/\/revidigital.ielusc.br\/index.php\/wp-json\/wp\/v2\/media?parent=4896"}],"wp:term":[{"taxonomy":"category","embeddable":true,"href":"https:\/\/revidigital.ielusc.br\/index.php\/wp-json\/wp\/v2\/categories?post=4896"},{"taxonomy":"post_tag","embeddable":true,"href":"https:\/\/revidigital.ielusc.br\/index.php\/wp-json\/wp\/v2\/tags?post=4896"}],"curies":[{"name":"wp","href":"https:\/\/api.w.org\/{rel}","templated":true}]}}