{"id":5437,"date":"2021-07-10T18:06:28","date_gmt":"2021-07-10T21:06:28","guid":{"rendered":"http:\/\/revidigital.com.br\/?p=5437"},"modified":"2022-09-17T17:07:44","modified_gmt":"2022-09-17T20:07:44","slug":"avo-inspira-livro-de-cronicas","status":"publish","type":"post","link":"https:\/\/revidigital.ielusc.br\/index.php\/2021\/07\/10\/avo-inspira-livro-de-cronicas\/","title":{"rendered":"Av\u00f4 inspira livro de cr\u00f4nicas"},"content":{"rendered":"\n<h4 class=\"wp-block-heading\"><em>Por Ana Rubi<\/em><\/h4>\n\n\n\n<p>Diante dos pais, do namorado e de amigos, a estudante J\u00falia de Almeida apresentou seu<strong> projeto experimental <\/strong>na sexta-feira (9\/7). Mais 30 pessoas assistiram \u00e0 banca por videochamada. Tamb\u00e9m os avaliadores, Sandro Galar\u00e7a e Luiza Martin, participaram de modo remoto. Com orienta\u00e7\u00e3o da professora Mar\u00edlia Moraes, J\u00falia escreveu o <strong>livro<\/strong> &#8220;<strong>Cr\u00f4nicas de mil domingos<\/strong>&#8221; em que relata hist\u00f3rias de seu <strong>av\u00f4 <\/strong>Pedro.<\/p>\n\n\n\n<p>A emo\u00e7\u00e3o marcou a apresenta\u00e7\u00e3o do in\u00edcio ao fim. Primeiro foi a pr\u00f3pria autora que n\u00e3o conteve as l\u00e1grimas ao mostrar, em v\u00eddeo, a rea\u00e7\u00e3o do av\u00f4 ao receber o livro. Depois foi a vez do professor Sandro Galar\u00e7a se emocionar durante sua fala. O mesmo ocorreu com a professora Luiza e, por fim at\u00e9 a orientadora Mar\u00edlia precisou de len\u00e7os de papel secar os olhos.  &#8220;N\u00e3o h\u00e1 como ler seu livro sem despertar a lembran\u00e7as. Todo mundo que conviveu com um av\u00f4 ou av\u00f3 se identifica com os relatos&#8221;, afirmou Lu\u00edza.<\/p>\n\n\n\n<figure class=\"wp-block-image size-large\"><img decoding=\"async\" src=\"http:\/\/revidigital.com.br\/wp-content\/uploads\/2021\/07\/Capa-768x1024.jpeg\" alt=\"\" class=\"wp-image-5438\"\/><\/figure>\n\n\n\n<p>Galar\u00e7a elogiou o trabalho, apontou pequenos lapsos a serem corrigidos e destacou &#8211; parafraseando Che Guevara &#8211; que, para o exerc\u00edcio do jornalismo, \u00e9 necess\u00e1rio &#8220;endurecer-se sem perder a ternura&#8221;. Ele tamb\u00e9m lembrou Adelmo Genro Filho, para quem o jornalismo parte de uma abordagem singular que se cristaliza no universal. &#8220;Teu livro faz isso, porque as hist\u00f3rias do seu av\u00f4 despertam lembran\u00e7as da inf\u00e2ncia dos leitores&#8221;, explicou.<\/p>\n\n\n\n<p>Luiza Martin ressaltou trechos de anticl\u00edmax que tornam o personagem principal ainda mais humano e sugeriu que J\u00falia acrescente mais descri\u00e7\u00e3o e contextualiza\u00e7\u00e3o hist\u00f3rica e social \u00e0 obra. As ilustra\u00e7\u00f5es e a diagrama\u00e7\u00e3o, realizadas pela estudante de Publicidade e Propaganda Carolina  de Oliveira tamb\u00e9m receberam elogios dos avaliadores.<\/p>\n\n\n\n<p>A estudante pretende publicar o livro em tiragem comercial. J\u00falia foi aprovada com nota 10.<\/p>\n","protected":false},"excerpt":{"rendered":"<p>Por Ana Rubi Diante dos pais, do namorado e de amigos, a estudante J\u00falia de Almeida apresentou seu projeto experimental na sexta-feira (9\/7). Mais 30 pessoas assistiram \u00e0 banca por videochamada. Tamb\u00e9m os avaliadores, Sandro Galar\u00e7a e Luiza Martin, participaram de modo remoto. Com orienta\u00e7\u00e3o da professora Mar\u00edlia Moraes, J\u00falia escreveu o livro &#8220;Cr\u00f4nicas de [&hellip;]<\/p>\n","protected":false},"author":5,"featured_media":13390,"comment_status":"open","ping_status":"open","sticky":false,"template":"","format":"standard","meta":{"footnotes":""},"categories":[24,26],"tags":[1375,659,334,39],"_links":{"self":[{"href":"https:\/\/revidigital.ielusc.br\/index.php\/wp-json\/wp\/v2\/posts\/5437"}],"collection":[{"href":"https:\/\/revidigital.ielusc.br\/index.php\/wp-json\/wp\/v2\/posts"}],"about":[{"href":"https:\/\/revidigital.ielusc.br\/index.php\/wp-json\/wp\/v2\/types\/post"}],"author":[{"embeddable":true,"href":"https:\/\/revidigital.ielusc.br\/index.php\/wp-json\/wp\/v2\/users\/5"}],"replies":[{"embeddable":true,"href":"https:\/\/revidigital.ielusc.br\/index.php\/wp-json\/wp\/v2\/comments?post=5437"}],"version-history":[{"count":1,"href":"https:\/\/revidigital.ielusc.br\/index.php\/wp-json\/wp\/v2\/posts\/5437\/revisions"}],"predecessor-version":[{"id":13391,"href":"https:\/\/revidigital.ielusc.br\/index.php\/wp-json\/wp\/v2\/posts\/5437\/revisions\/13391"}],"wp:featuredmedia":[{"embeddable":true,"href":"https:\/\/revidigital.ielusc.br\/index.php\/wp-json\/wp\/v2\/media\/13390"}],"wp:attachment":[{"href":"https:\/\/revidigital.ielusc.br\/index.php\/wp-json\/wp\/v2\/media?parent=5437"}],"wp:term":[{"taxonomy":"category","embeddable":true,"href":"https:\/\/revidigital.ielusc.br\/index.php\/wp-json\/wp\/v2\/categories?post=5437"},{"taxonomy":"post_tag","embeddable":true,"href":"https:\/\/revidigital.ielusc.br\/index.php\/wp-json\/wp\/v2\/tags?post=5437"}],"curies":[{"name":"wp","href":"https:\/\/api.w.org\/{rel}","templated":true}]}}