{"id":5441,"date":"2021-07-10T19:36:20","date_gmt":"2021-07-10T22:36:20","guid":{"rendered":"http:\/\/revidigital.com.br\/?p=5441"},"modified":"2022-09-17T17:06:59","modified_gmt":"2022-09-17T20:06:59","slug":"workshop-sobre-comunicacao-organizacional-esta-disponivel-no-youtube","status":"publish","type":"post","link":"https:\/\/revidigital.ielusc.br\/index.php\/2021\/07\/10\/workshop-sobre-comunicacao-organizacional-esta-disponivel-no-youtube\/","title":{"rendered":"Workshop sobre comunica\u00e7\u00e3o organizacional est\u00e1 dispon\u00edvel no Youtube"},"content":{"rendered":"\n<h4 class=\"wp-block-heading\"><em>Por Maiara Maduro<\/em><\/h4>\n\n\n\n<p>Na \u00faltima quarta-feira, 7, a turma da quinta fase do curso de <strong>Jornalismo <\/strong>da Faculdade Ielusc realizou o <strong>Workshop<\/strong>: \u201c<strong>Comunique-se!<\/strong> Passo a passo da<strong> comunica\u00e7\u00e3o organizacional<\/strong>\u201d. O objetivo do evento foi ensinar de forma simples no\u00e7\u00f5es  de comunica\u00e7\u00e3o para organiza\u00e7\u00f5es sem fins lucrativos. A grava\u00e7\u00e3o do encontro est\u00e1 dispon\u00edvel no Youtube. <a href=\"https:\/\/www.youtube.com\/watch?v=jMLuCJmn_u0\">Voc\u00ea pode acessar aqui.<\/a><\/p>\n\n\n\n<p>Al\u00e9m do workshop, tamb\u00e9m est\u00e1 dispon\u00edvel  <a href=\"https:\/\/bit.ly\/3xt778y\">um e-book<\/a> com recomenda\u00e7\u00f5es pr\u00e1ticas sobre import\u00e2ncia da comunica\u00e7\u00e3o, relacionamento com a imprensa, mailing, como produzir conte\u00fados e releases, produ\u00e7\u00e3o de eventos e comunica\u00e7\u00e3o interna. O documento \u00e9 gratuito e n\u00e3o precisa de cadastro para baix\u00e1-lo.<\/p>\n\n\n\n<h4 class=\"wp-block-heading\">Sobre os organizadores <\/h4>\n\n\n\n<p>O workshop foi organizado na disciplina Assessoria de Comunica\u00e7\u00e3o, sob a orienta\u00e7\u00e3o da professora Maiara Maduro. A ideia para o evento surgiu ap\u00f3s o trabalho de extens\u00e3o dos estudantes em institui\u00e7\u00f5es como a Ajidevi Joinville, Apae Araquari, Coletivo Mandala Joinville, Lar de Idosos \u00c1gape, PUPA (Pais Unidos pelo Autismo Joinville) e Rotary Club Araquari.<\/p>\n\n\n\n<figure class=\"wp-block-image size-full\"><img decoding=\"async\" loading=\"lazy\" width=\"951\" height=\"530\" src=\"https:\/\/revidigital.ielusc.br\/wp-content\/uploads\/2022\/09\/ebook-Comunique-se.jpg\" alt=\"\" class=\"wp-image-13388\"\/><figcaption>E-book tamb\u00e9m est\u00e1 dispon\u00edvel para download gratuito<\/figcaption><\/figure>\n","protected":false},"excerpt":{"rendered":"<p>Por Maiara Maduro Na \u00faltima quarta-feira, 7, a turma da quinta fase do curso de Jornalismo da Faculdade Ielusc realizou o Workshop: \u201cComunique-se! Passo a passo da comunica\u00e7\u00e3o organizacional\u201d. O objetivo do evento foi ensinar de forma simples no\u00e7\u00f5es de comunica\u00e7\u00e3o para organiza\u00e7\u00f5es sem fins lucrativos. A grava\u00e7\u00e3o do encontro est\u00e1 dispon\u00edvel no Youtube. Voc\u00ea [&hellip;]<\/p>\n","protected":false},"author":5,"featured_media":13386,"comment_status":"open","ping_status":"open","sticky":false,"template":"","format":"standard","meta":{"footnotes":""},"categories":[24,26,11],"tags":[552,355,420,1346],"_links":{"self":[{"href":"https:\/\/revidigital.ielusc.br\/index.php\/wp-json\/wp\/v2\/posts\/5441"}],"collection":[{"href":"https:\/\/revidigital.ielusc.br\/index.php\/wp-json\/wp\/v2\/posts"}],"about":[{"href":"https:\/\/revidigital.ielusc.br\/index.php\/wp-json\/wp\/v2\/types\/post"}],"author":[{"embeddable":true,"href":"https:\/\/revidigital.ielusc.br\/index.php\/wp-json\/wp\/v2\/users\/5"}],"replies":[{"embeddable":true,"href":"https:\/\/revidigital.ielusc.br\/index.php\/wp-json\/wp\/v2\/comments?post=5441"}],"version-history":[{"count":1,"href":"https:\/\/revidigital.ielusc.br\/index.php\/wp-json\/wp\/v2\/posts\/5441\/revisions"}],"predecessor-version":[{"id":13389,"href":"https:\/\/revidigital.ielusc.br\/index.php\/wp-json\/wp\/v2\/posts\/5441\/revisions\/13389"}],"wp:featuredmedia":[{"embeddable":true,"href":"https:\/\/revidigital.ielusc.br\/index.php\/wp-json\/wp\/v2\/media\/13386"}],"wp:attachment":[{"href":"https:\/\/revidigital.ielusc.br\/index.php\/wp-json\/wp\/v2\/media?parent=5441"}],"wp:term":[{"taxonomy":"category","embeddable":true,"href":"https:\/\/revidigital.ielusc.br\/index.php\/wp-json\/wp\/v2\/categories?post=5441"},{"taxonomy":"post_tag","embeddable":true,"href":"https:\/\/revidigital.ielusc.br\/index.php\/wp-json\/wp\/v2\/tags?post=5441"}],"curies":[{"name":"wp","href":"https:\/\/api.w.org\/{rel}","templated":true}]}}