{"id":5446,"date":"2021-07-12T14:51:50","date_gmt":"2021-07-12T17:51:50","guid":{"rendered":"http:\/\/revidigital.com.br\/?p=5446"},"modified":"2022-09-17T17:05:43","modified_gmt":"2022-09-17T20:05:43","slug":"empreendedorismo-para-jovens-jornalistas-e-tema-escolhido-para-projeto-experimental","status":"publish","type":"post","link":"https:\/\/revidigital.ielusc.br\/index.php\/2021\/07\/12\/empreendedorismo-para-jovens-jornalistas-e-tema-escolhido-para-projeto-experimental\/","title":{"rendered":"Empreendedorismo para jovens jornalistas \u00e9 tema escolhido para projeto experimental"},"content":{"rendered":"\n<p>Por: Emilly Huida<\/p>\n\n\n\n<p>Foca Empreendedora \u00e9 o novo blog post criado pela acad\u00eamica J\u00e9ssica Horr para falar sobre empreendedorismo e auxiliar o p\u00fablico que tem d\u00favidas e receios de como come\u00e7ar e qual \u00e1rea seguir. Esse projeto iniciou no blog e migrou para outros canais de comunica\u00e7\u00e3o como o instagram e o twitter, utilizando tamb\u00e9m das ferramentas igtv e reels dispon\u00edveis na plataforma instagram. J\u00e9ssica apresentou seu projeto experimental para a banca composta pela orientadora Marina de Andrade e as avaliadoras Luiza Martin e K\u00e9rley Winques. <br><br> Neste projeto J\u00e9ssica criou posts sobre \u00e1reas que s\u00e3o poss\u00edveis para um jornalista empreender, dicas de como definir seu nicho e seu pre\u00e7o, op\u00e7\u00f5es de p\u00f3s-gradua\u00e7\u00e3o para jornalistas, algumas no\u00e7\u00f5es sobre marketing digital e como conciliar mais de um neg\u00f3cio ao mesmo tempo. A aluna al\u00e9m de explorar um tema pouco falado entre os jornalistas e que tem extrema relev\u00e2ncia, soube agregar boas ferramentas em mais de uma rede social para impulsionar e facilitar o acesso de seu p\u00fablico alvo. Ao publicar uma mat\u00e9ria em seu blog, a mesma criava uma publica\u00e7\u00e3o no instagram para avisar ao p\u00fablico sobre o novo conte\u00fado, fez pesquisas para saber a opini\u00e3o dos leitores e videos para descontrair e se aproximar de seus leitores. <br><br> K\u00e9rley fala em como se surpreendeu com a escolha da aluna, al\u00e9m de escrever um relat\u00f3rio em primeira pessoa, o que trouxe uma proximidade com os leitores, ela tamb\u00e9m soube trazer elementos detalhistas que ajudaram na compreens\u00e3o do seu objetivo. A professora Luiza exp\u00f5e sua vis\u00e3o de que J\u00e9ssica tem uma \u00f3tima escrita e um conte\u00fado muito bem executado, mas que pode ter mais alcance com as t\u00e9cnicas corretas de SEO, como a utiliza\u00e7\u00e3o de palavras chaves para alavancar seu alcance. J\u00e9ssica foi aprovada com nota 10. <br><\/p>\n","protected":false},"excerpt":{"rendered":"<p>Por: Emilly Huida Foca Empreendedora \u00e9 o novo blog post criado pela acad\u00eamica J\u00e9ssica Horr para falar sobre empreendedorismo e auxiliar o p\u00fablico que tem d\u00favidas e receios de como come\u00e7ar e qual \u00e1rea seguir. Esse projeto iniciou no blog e migrou para outros canais de comunica\u00e7\u00e3o como o instagram e o twitter, utilizando tamb\u00e9m [&hellip;]<\/p>\n","protected":false},"author":16,"featured_media":13384,"comment_status":"open","ping_status":"open","sticky":false,"template":"","format":"standard","meta":{"footnotes":""},"categories":[24,26],"tags":[552,21,34,1267],"_links":{"self":[{"href":"https:\/\/revidigital.ielusc.br\/index.php\/wp-json\/wp\/v2\/posts\/5446"}],"collection":[{"href":"https:\/\/revidigital.ielusc.br\/index.php\/wp-json\/wp\/v2\/posts"}],"about":[{"href":"https:\/\/revidigital.ielusc.br\/index.php\/wp-json\/wp\/v2\/types\/post"}],"author":[{"embeddable":true,"href":"https:\/\/revidigital.ielusc.br\/index.php\/wp-json\/wp\/v2\/users\/16"}],"replies":[{"embeddable":true,"href":"https:\/\/revidigital.ielusc.br\/index.php\/wp-json\/wp\/v2\/comments?post=5446"}],"version-history":[{"count":1,"href":"https:\/\/revidigital.ielusc.br\/index.php\/wp-json\/wp\/v2\/posts\/5446\/revisions"}],"predecessor-version":[{"id":13385,"href":"https:\/\/revidigital.ielusc.br\/index.php\/wp-json\/wp\/v2\/posts\/5446\/revisions\/13385"}],"wp:featuredmedia":[{"embeddable":true,"href":"https:\/\/revidigital.ielusc.br\/index.php\/wp-json\/wp\/v2\/media\/13384"}],"wp:attachment":[{"href":"https:\/\/revidigital.ielusc.br\/index.php\/wp-json\/wp\/v2\/media?parent=5446"}],"wp:term":[{"taxonomy":"category","embeddable":true,"href":"https:\/\/revidigital.ielusc.br\/index.php\/wp-json\/wp\/v2\/categories?post=5446"},{"taxonomy":"post_tag","embeddable":true,"href":"https:\/\/revidigital.ielusc.br\/index.php\/wp-json\/wp\/v2\/tags?post=5446"}],"curies":[{"name":"wp","href":"https:\/\/api.w.org\/{rel}","templated":true}]}}