{"id":5452,"date":"2021-07-13T15:53:01","date_gmt":"2021-07-13T18:53:01","guid":{"rendered":"http:\/\/revidigital.com.br\/?p=5452"},"modified":"2022-09-17T17:01:51","modified_gmt":"2022-09-17T20:01:51","slug":"academica-aborda-jornalismo-para-idosos-em-monografia","status":"publish","type":"post","link":"https:\/\/revidigital.ielusc.br\/index.php\/2021\/07\/13\/academica-aborda-jornalismo-para-idosos-em-monografia\/","title":{"rendered":"Acad\u00eamica aborda jornalismo para idosos em monografia"},"content":{"rendered":"\n<p><strong>Por: Ana Carla Rubi<\/strong><\/p>\n\n\n\n<p>J\u00e9ssica Bett, estudante de jornalismo, apresentou no dia 6 a monografia \u201cImpactos do fim do jornal A Not\u00edcia sobre leitores idosos\u201d, com orienta\u00e7\u00e3o da professora Mar\u00edlia Crispi de Moraes. A banca avaliadora foi composta por Jo\u00e3o Kamradt e Marina de Andrade, que s\u00e3o professores e jornalistas.<br>A acad\u00eamica tentou entender dentro de sua pesquisa como os leitores idosos passaram a se informar ap\u00f3s o fim do jornal impresso A Not\u00edcia.<br>A comunicadora J\u00e9ssica p\u00f4de detectar atrav\u00e9s da pesquisa que os idosos tinham um ritual com o jornal impresso, que foi passado de gera\u00e7\u00e3o em gera\u00e7\u00e3o. A acad\u00eamica tamb\u00e9m identificou que atualmente pessoas da terceira idade possuem dificuldades ao se informar com os meios digitais, justamente por terem dificuldades com acesso a internet.<br>Alguns idosos que fizeram parte da pesquisa da acad\u00eamica falaram que ainda assinam o jornal de forma online mesmo n\u00e3o conseguindo entrar para acess\u00e1-lo.<br>O avaliador Jo\u00e3o elogiou a escolha do tema de pesquisa, considerando-o pertinente, e na opini\u00e3o dele os idosos acabam sendo um p\u00fablico deixado de lado em diversos momentos. J\u00e1 Marina aponta a relev\u00e2ncia de falar sobre esse p\u00fablico, mostrando dados de consumo de pessoas idosas. Afinal, s\u00e3o pessoas que consomem produtos e \u00e9 necess\u00e1rio olhar para eles.<br>Ambos os avaliadores sentiram a necessidade de entender um pouco mais dos idosos e a import\u00e2ncia desses dados para entender como esse p\u00fablico se comporta.  Ao final das cr\u00edticas da dupla a monografia de J\u00e9ssica, reuniram-se com Mar\u00edlia, para discutir a nota da acad\u00eamica e ao voltarem, aprovaram a estudante com 8.<br><\/p>\n","protected":false},"excerpt":{"rendered":"<p>Por: Ana Carla Rubi J\u00e9ssica Bett, estudante de jornalismo, apresentou no dia 6 a monografia \u201cImpactos do fim do jornal A Not\u00edcia sobre leitores idosos\u201d, com orienta\u00e7\u00e3o da professora Mar\u00edlia Crispi de Moraes. A banca avaliadora foi composta por Jo\u00e3o Kamradt e Marina de Andrade, que s\u00e3o professores e jornalistas.A acad\u00eamica tentou entender dentro de [&hellip;]<\/p>\n","protected":false},"author":16,"featured_media":13375,"comment_status":"open","ping_status":"open","sticky":false,"template":"","format":"standard","meta":{"footnotes":""},"categories":[24,26],"tags":[226,34,332,1376],"_links":{"self":[{"href":"https:\/\/revidigital.ielusc.br\/index.php\/wp-json\/wp\/v2\/posts\/5452"}],"collection":[{"href":"https:\/\/revidigital.ielusc.br\/index.php\/wp-json\/wp\/v2\/posts"}],"about":[{"href":"https:\/\/revidigital.ielusc.br\/index.php\/wp-json\/wp\/v2\/types\/post"}],"author":[{"embeddable":true,"href":"https:\/\/revidigital.ielusc.br\/index.php\/wp-json\/wp\/v2\/users\/16"}],"replies":[{"embeddable":true,"href":"https:\/\/revidigital.ielusc.br\/index.php\/wp-json\/wp\/v2\/comments?post=5452"}],"version-history":[{"count":1,"href":"https:\/\/revidigital.ielusc.br\/index.php\/wp-json\/wp\/v2\/posts\/5452\/revisions"}],"predecessor-version":[{"id":13376,"href":"https:\/\/revidigital.ielusc.br\/index.php\/wp-json\/wp\/v2\/posts\/5452\/revisions\/13376"}],"wp:featuredmedia":[{"embeddable":true,"href":"https:\/\/revidigital.ielusc.br\/index.php\/wp-json\/wp\/v2\/media\/13375"}],"wp:attachment":[{"href":"https:\/\/revidigital.ielusc.br\/index.php\/wp-json\/wp\/v2\/media?parent=5452"}],"wp:term":[{"taxonomy":"category","embeddable":true,"href":"https:\/\/revidigital.ielusc.br\/index.php\/wp-json\/wp\/v2\/categories?post=5452"},{"taxonomy":"post_tag","embeddable":true,"href":"https:\/\/revidigital.ielusc.br\/index.php\/wp-json\/wp\/v2\/tags?post=5452"}],"curies":[{"name":"wp","href":"https:\/\/api.w.org\/{rel}","templated":true}]}}