{"id":5470,"date":"2021-07-16T12:22:56","date_gmt":"2021-07-16T15:22:56","guid":{"rendered":"http:\/\/revidigital.com.br\/?p=5470"},"modified":"2022-09-12T18:42:57","modified_gmt":"2022-09-12T21:42:57","slug":"podcast-debate-jornalismo-de-infotenimento","status":"publish","type":"post","link":"https:\/\/revidigital.ielusc.br\/index.php\/2021\/07\/16\/podcast-debate-jornalismo-de-infotenimento\/","title":{"rendered":"Podcast debate jornalismo de infotenimento"},"content":{"rendered":"\n<p>Os estudantes Anderson Marques e Vin\u00edcius Sprotte, sob orienta\u00e7\u00e3o da professora Beatriz Cavenaghi, produziram o projeto experimental <a href=\"https:\/\/open.spotify.com\/show\/3QMjAMErfesXMPVzTsmZEP\">Casa Cast<\/a>, um podcast sobre jornalismo de infotenimento.  Na sexta-feira (9\/7), a dupla apresentou o trabalho para a banca avaliadora, composta pelos professores Maiara Maduro e Matheus Mello.<\/p>\n\n\n\n<p>Anderson explicou que h\u00e1 v\u00e1rias defini\u00e7\u00f5es para  infotenimento, de acordo com pesquisadores, e a que ele e seu colega Vin\u00edcius adotam no trabalho \u00e9 oferecida pelas jornalistas Nair Prata e N\u00fabia Azevedo.  &#8220;Elas consideram o Infotenimento como uma estrat\u00e9gia para atrair a audi\u00eancia, unindo&nbsp; a informa\u00e7\u00e3o ao humor&#8221;, afirmou Anderson.  <\/p>\n\n\n\n<p> Entre os motivos para produzir o podcast, os estudantes apontaram o crescimento do consumo desse produto midi\u00e1tico durante a pandemia da covid-19.  &#8220;De acordo com a empresa de solu\u00e7\u00f5es de podcast americana, a Voxnest, atrav\u00e9s do relat\u00f3rio da State of the Podcast Universe,  o Brasil est\u00e1 na lideran\u00e7a do ranking de produ\u00e7\u00e3o desse tipo de conte\u00fado, sendo o que mais cresceu desde o in\u00edcio de 2020&#8221;, explicou Vin\u00edcius. <\/p>\n\n\n\n<p>Outro motivador foram as aulas de R\u00e1diojornalismo da professora Solange Engelmann.  &#8220;Nas aulas dela, produzi v\u00e1rios trabalhos, ela elogiava o conte\u00fado deles e principalmente a minha voz. Quando os professores nos encorajam, d\u00e1 vontade de continuar investindo nesses trabalhos. Ent\u00e3o tem  um pouco de Solange neste projeto experimental&#8221;, comentou Vin\u00edcius.<\/p>\n\n\n\n<p>A escolha de ambos pelo tema infotenimento deve-se ao apre\u00e7o  por programas como Jogo Aberto, A Hora da Venenosa, Arena SBT e o extinto CQC (Custe o que Custar).  <\/p>\n\n\n\n<p>Ao final da apresenta\u00e7\u00e3o, os avaliadores elogiaram  a escolha do tema infotenimento.  Al\u00e9m disso, gostaram do conte\u00fado do podcast. &#8220;Me diverti bastante com o programa de voc\u00eas, principalmente quando escutei o primeiro epis\u00f3dio, que para mim foi o mais rico de conte\u00fado.  Achei bem legal o jogo do caf\u00e9 com Samir Carvalho e fiquei pensando: qual caf\u00e9 eu seria&#8221;, disse Maiara.<\/p>\n\n\n\n<p>Na opini\u00e3o da avaliadora, os estudantes precisam definir uma dura\u00e7\u00e3o espec\u00edfica para os epis\u00f3dios.  &#8220;Tem epis\u00f3dio com 50 minutos, outro com 40 e um de 30 minutos, \u00e9 bom voc\u00eas estabelecerem um tempo&#8221;, sugeriu.  <\/p>\n\n\n\n<p>O atual professor de R\u00e1diojornalismo da Faculdade Ielusc, Matheus, elogiou a ousadia dos acad\u00eamicos em entrevistar comunicadores muito conhecidos pelo p\u00fablico.  &#8220;Eu gosto de pessoas assim, que pensam grande.  Voc\u00eas comentaram que tentaram entrevistar o Craque Neto, o Benja e Cappellanes, isso \u00e9 muito bacana&#8221;, comentou o doutor.   <\/p>\n\n\n\n<p>Matheus lamenta quando nota em alguns alunos de jornalismo uma timidez para entrevistar pessoas. &#8220;H\u00e1 estudantes que tem medo de entrevistar, principalmente gente famosa.  Gostei de ver que voc\u00eas n\u00e3o mostraram ter esse problema&#8221;, elogiou.<\/p>\n\n\n\n<p>O avaliador sugeriu corre\u00e7\u00f5es de erros de portugu\u00eas na parte escrita do trabalho e melhoras t\u00e9cnicas no podcast. Para Matheus, \u00e9 importante relembrar  aos entrevistados de sempre usarem microfones, prendendo-os as roupas, para n\u00e3o atrapalharem as grava\u00e7\u00f5es.  <\/p>\n\n\n\n<p>A dupla foi aprovada com nota 9.<\/p>\n","protected":false},"excerpt":{"rendered":"<p>Os estudantes Anderson Marques e Vin\u00edcius Sprotte, sob orienta\u00e7\u00e3o da professora Beatriz Cavenaghi, produziram o projeto experimental Casa Cast, um podcast sobre jornalismo de infotenimento. Na sexta-feira (9\/7), a dupla apresentou o trabalho para a banca avaliadora, composta pelos professores Maiara Maduro e Matheus Mello. Anderson explicou que h\u00e1 v\u00e1rias defini\u00e7\u00f5es para infotenimento, de acordo [&hellip;]<\/p>\n","protected":false},"author":5,"featured_media":13187,"comment_status":"open","ping_status":"open","sticky":false,"template":"","format":"standard","meta":{"footnotes":""},"categories":[24,26],"tags":[1380,1381,34,25,470],"_links":{"self":[{"href":"https:\/\/revidigital.ielusc.br\/index.php\/wp-json\/wp\/v2\/posts\/5470"}],"collection":[{"href":"https:\/\/revidigital.ielusc.br\/index.php\/wp-json\/wp\/v2\/posts"}],"about":[{"href":"https:\/\/revidigital.ielusc.br\/index.php\/wp-json\/wp\/v2\/types\/post"}],"author":[{"embeddable":true,"href":"https:\/\/revidigital.ielusc.br\/index.php\/wp-json\/wp\/v2\/users\/5"}],"replies":[{"embeddable":true,"href":"https:\/\/revidigital.ielusc.br\/index.php\/wp-json\/wp\/v2\/comments?post=5470"}],"version-history":[{"count":1,"href":"https:\/\/revidigital.ielusc.br\/index.php\/wp-json\/wp\/v2\/posts\/5470\/revisions"}],"predecessor-version":[{"id":13189,"href":"https:\/\/revidigital.ielusc.br\/index.php\/wp-json\/wp\/v2\/posts\/5470\/revisions\/13189"}],"wp:featuredmedia":[{"embeddable":true,"href":"https:\/\/revidigital.ielusc.br\/index.php\/wp-json\/wp\/v2\/media\/13187"}],"wp:attachment":[{"href":"https:\/\/revidigital.ielusc.br\/index.php\/wp-json\/wp\/v2\/media?parent=5470"}],"wp:term":[{"taxonomy":"category","embeddable":true,"href":"https:\/\/revidigital.ielusc.br\/index.php\/wp-json\/wp\/v2\/categories?post=5470"},{"taxonomy":"post_tag","embeddable":true,"href":"https:\/\/revidigital.ielusc.br\/index.php\/wp-json\/wp\/v2\/tags?post=5470"}],"curies":[{"name":"wp","href":"https:\/\/api.w.org\/{rel}","templated":true}]}}