{"id":5477,"date":"2021-07-17T11:59:38","date_gmt":"2021-07-17T14:59:38","guid":{"rendered":"http:\/\/revidigital.com.br\/?p=5477"},"modified":"2022-09-12T18:41:49","modified_gmt":"2022-09-12T21:41:49","slug":"jovem-joinvilense-relanca-cronica-espirita","status":"publish","type":"post","link":"https:\/\/revidigital.ielusc.br\/index.php\/2021\/07\/17\/jovem-joinvilense-relanca-cronica-espirita\/","title":{"rendered":"Jovem joinvilense relan\u00e7a cr\u00f4nica esp\u00edrita"},"content":{"rendered":"\n<p>Mateus Feil, 25 anos, \u00e9 um apaixonado por hist\u00f3rias de aventura e fic\u00e7\u00e3o, como as sagas Star Wars, Senhor dos an\u00e9is e principalmente Harry Potter.  Ele cresceu na Doutrina Esp\u00edrita e por sentir falta de conte\u00fados para os jovens da religi\u00e3o dele, decidiu escrever dois livros para a s\u00e9rie \u201cAs Cr\u00f4nicas de Le\u00f5es e Lobos\u201d: O Despertar e A Ascens\u00e3o.  <br><br>Reimpressos, editados e distribu\u00eddos pela Editora Caseira de Florian\u00f3polis, os livros abordam quest\u00f5es envolvendo o tema mediunidade, relacionamentos entre jovens e suas descobertas.  A trama tem como protagonista Lucas Lowen, um jovem adolescente que tem como rival o colega de escola Igor Wolfer.  Essa rixa entre eles transcende v\u00e1rios antepassados de suas fam\u00edlias.<br><br>O escritor Mateus resolveu relan\u00e7ar os livros por causa de uma autocr\u00edtica aos contos lan\u00e7ados em 2013 e 2015.  \u201cQuando lancei o meu primeiro livro dessa s\u00e9rie eu tinha 17 anos. Hoje vejo que estou mais maduro e precisava mudar algumas coisas nas minhas hist\u00f3rias como por exemplo melhorar a trama\u201d, disse. Ele resolveu n\u00e3o entrar em mais detalhes sobre as mudan\u00e7as feitas para fazer surpresas aqueles que j\u00e1 leram os seus livros. \u201cN\u00e3o darei nenhum spoiler\u201d, complementa.  Futuramente ele tem a inten\u00e7\u00e3o de fazer uma trilogia para as suas cr\u00f4nicas, sem estabelecer uma data para lan\u00e7\u00e1-la.<br><br>O relan\u00e7amento do primeiro livro de Mateus, &#8220;O Despertar&#8221;, acontecer\u00e1 neste domingo, 18\/07, de forma virtual.  Para mais detalhes sobre a obra, acessem este site: <a href=\"https:\/\/editoracaseira.com\/produto\/as-cronicas-de-leoes-e-lobos-o-despertar\/\">https:\/\/editoracaseira.com\/produto\/as-cronicas-de-leoes-e-lobos-o-despertar\/<\/a><\/p>\n","protected":false},"excerpt":{"rendered":"<p>Mateus Feil, 25 anos, \u00e9 um apaixonado por hist\u00f3rias de aventura e fic\u00e7\u00e3o, como as sagas Star Wars, Senhor dos an\u00e9is e principalmente Harry Potter. Ele cresceu na Doutrina Esp\u00edrita e por sentir falta de conte\u00fados para os jovens da religi\u00e3o dele, decidiu escrever dois livros para a s\u00e9rie \u201cAs Cr\u00f4nicas de Le\u00f5es e Lobos\u201d: [&hellip;]<\/p>\n","protected":false},"author":16,"featured_media":13185,"comment_status":"open","ping_status":"open","sticky":false,"template":"","format":"standard","meta":{"footnotes":""},"categories":[14,42,88],"tags":[1387,1388,642,1389],"_links":{"self":[{"href":"https:\/\/revidigital.ielusc.br\/index.php\/wp-json\/wp\/v2\/posts\/5477"}],"collection":[{"href":"https:\/\/revidigital.ielusc.br\/index.php\/wp-json\/wp\/v2\/posts"}],"about":[{"href":"https:\/\/revidigital.ielusc.br\/index.php\/wp-json\/wp\/v2\/types\/post"}],"author":[{"embeddable":true,"href":"https:\/\/revidigital.ielusc.br\/index.php\/wp-json\/wp\/v2\/users\/16"}],"replies":[{"embeddable":true,"href":"https:\/\/revidigital.ielusc.br\/index.php\/wp-json\/wp\/v2\/comments?post=5477"}],"version-history":[{"count":1,"href":"https:\/\/revidigital.ielusc.br\/index.php\/wp-json\/wp\/v2\/posts\/5477\/revisions"}],"predecessor-version":[{"id":13186,"href":"https:\/\/revidigital.ielusc.br\/index.php\/wp-json\/wp\/v2\/posts\/5477\/revisions\/13186"}],"wp:featuredmedia":[{"embeddable":true,"href":"https:\/\/revidigital.ielusc.br\/index.php\/wp-json\/wp\/v2\/media\/13185"}],"wp:attachment":[{"href":"https:\/\/revidigital.ielusc.br\/index.php\/wp-json\/wp\/v2\/media?parent=5477"}],"wp:term":[{"taxonomy":"category","embeddable":true,"href":"https:\/\/revidigital.ielusc.br\/index.php\/wp-json\/wp\/v2\/categories?post=5477"},{"taxonomy":"post_tag","embeddable":true,"href":"https:\/\/revidigital.ielusc.br\/index.php\/wp-json\/wp\/v2\/tags?post=5477"}],"curies":[{"name":"wp","href":"https:\/\/api.w.org\/{rel}","templated":true}]}}