{"id":5492,"date":"2021-07-15T16:36:13","date_gmt":"2021-07-15T19:36:13","guid":{"rendered":"http:\/\/revidigital.com.br\/?p=5492"},"modified":"2022-09-12T18:45:30","modified_gmt":"2022-09-12T21:45:30","slug":"galeria-slam-uma-conta-no-instagram-dedicada-a-divulgar-o-slam-poetry","status":"publish","type":"post","link":"https:\/\/revidigital.ielusc.br\/index.php\/2021\/07\/15\/galeria-slam-uma-conta-no-instagram-dedicada-a-divulgar-o-slam-poetry\/","title":{"rendered":"Projeto divulga Slam Poetry"},"content":{"rendered":"\n<p>Por: Elisa Scherer<\/p>\n\n\n\n<p>A defesa do projeto Galeria Slam foi no dia 7 de Julho, quarta-feira. Inicialmente Gabriele Moraes tinha o objetivo de trazer as batalhas de poesia que aconteciam em encontros nas ruas para as redes sociais. Entretanto, mais um projeto experimental teve que ser repensado por conta do covid-19. Com a pandemia, o slam parou de acontecer nas ruas e a acad\u00eamica adaptou o projeto sem desistir do tema. Com a orienta\u00e7\u00e3o da professora Luiza Martin da Rosa a estudante construiu um perfil no instagram que abordou o slam como uma express\u00e3o cultural nas 27 publica\u00e7\u00f5es feitas no feed de um <a href=\"https:\/\/www.instagram.com\/galeriaslam\/\">perfil exclusivo<\/a>&nbsp; no instagram, e tr\u00eas v\u00eddeos no IGTV da conta.&nbsp;<\/p>\n\n\n\n<p>O conte\u00fado foi constru\u00eddo atrav\u00e9s de entrevistas e contribui\u00e7\u00f5es dos poetas. Inicialmente a ideia era dar voz aos artistas locais, mas como a internet n\u00e3o tem endere\u00e7o geogr\u00e1fico, o perfil alcan\u00e7ou pessoas de diversas cidades que entraram em contato com a Gabriele. Esse aspecto do projeto foi comentado na avalia\u00e7\u00e3o da banca que sugeriu que a aluna deixasse a informa\u00e7\u00e3o, sobre o perfil estar aberto para dar voz a poetas de diferentes lugares, mais acess\u00edvel no perfil. <br><br>A est\u00e9tica do projeto tamb\u00e9m foi comentada pelas professoras Mar\u00edlia Crispi de Moraes e Patr\u00edcia Villar, ambas curtiram o layout da conta, mas Patr\u00edcia aconselhou a aluna a n\u00e3o se prender a uma est\u00e9tica muito perfeccionista, pois a tem\u00e1tica contribui para que ela tenha mais liberdade na constru\u00e7\u00e3o das artes e posts que s\u00e3o publicados. Gabriele mencionou que planeja deixar o perfil em stand by e voltar a postar futuramente, mas foi encorajada pelas professoras a manter a conta ativa, mesmo que n\u00e3o seja no mesmo ritmo e frequ\u00eancia que dedicou ao projeto. Ambas elogiaram a iniciativa de dar visibilidade a essa express\u00e3o art\u00edstica e sugeriram que seria um bom tema para dar sequ\u00eancia na Monografia, que acontece no pr\u00f3ximo semestre. Com elogios e sugest\u00f5es, para o futuro da conta no instagram, a aluna foi aprovada com nota 10.<\/p>\n\n\n\n<p><br><\/p>\n","protected":false},"excerpt":{"rendered":"<p>Por: Elisa Scherer A defesa do projeto Galeria Slam foi no dia 7 de Julho, quarta-feira. Inicialmente Gabriele Moraes tinha o objetivo de trazer as batalhas de poesia que aconteciam em encontros nas ruas para as redes sociais. Entretanto, mais um projeto experimental teve que ser repensado por conta do covid-19. Com a pandemia, o [&hellip;]<\/p>\n","protected":false},"author":16,"featured_media":13193,"comment_status":"open","ping_status":"open","sticky":false,"template":"","format":"standard","meta":{"footnotes":""},"categories":[24,26],"tags":[1385,1386,367,451],"_links":{"self":[{"href":"https:\/\/revidigital.ielusc.br\/index.php\/wp-json\/wp\/v2\/posts\/5492"}],"collection":[{"href":"https:\/\/revidigital.ielusc.br\/index.php\/wp-json\/wp\/v2\/posts"}],"about":[{"href":"https:\/\/revidigital.ielusc.br\/index.php\/wp-json\/wp\/v2\/types\/post"}],"author":[{"embeddable":true,"href":"https:\/\/revidigital.ielusc.br\/index.php\/wp-json\/wp\/v2\/users\/16"}],"replies":[{"embeddable":true,"href":"https:\/\/revidigital.ielusc.br\/index.php\/wp-json\/wp\/v2\/comments?post=5492"}],"version-history":[{"count":1,"href":"https:\/\/revidigital.ielusc.br\/index.php\/wp-json\/wp\/v2\/posts\/5492\/revisions"}],"predecessor-version":[{"id":13194,"href":"https:\/\/revidigital.ielusc.br\/index.php\/wp-json\/wp\/v2\/posts\/5492\/revisions\/13194"}],"wp:featuredmedia":[{"embeddable":true,"href":"https:\/\/revidigital.ielusc.br\/index.php\/wp-json\/wp\/v2\/media\/13193"}],"wp:attachment":[{"href":"https:\/\/revidigital.ielusc.br\/index.php\/wp-json\/wp\/v2\/media?parent=5492"}],"wp:term":[{"taxonomy":"category","embeddable":true,"href":"https:\/\/revidigital.ielusc.br\/index.php\/wp-json\/wp\/v2\/categories?post=5492"},{"taxonomy":"post_tag","embeddable":true,"href":"https:\/\/revidigital.ielusc.br\/index.php\/wp-json\/wp\/v2\/tags?post=5492"}],"curies":[{"name":"wp","href":"https:\/\/api.w.org\/{rel}","templated":true}]}}