{"id":5499,"date":"2021-07-15T17:59:32","date_gmt":"2021-07-15T20:59:32","guid":{"rendered":"http:\/\/revidigital.com.br\/?p=5499"},"modified":"2022-09-12T18:44:45","modified_gmt":"2022-09-12T21:44:45","slug":"academica-ressalta-a-importancia-da-danca-para-joinville-em-projeto-experimental","status":"publish","type":"post","link":"https:\/\/revidigital.ielusc.br\/index.php\/2021\/07\/15\/academica-ressalta-a-importancia-da-danca-para-joinville-em-projeto-experimental\/","title":{"rendered":"S\u00e9rie de reportagens mostra import\u00e2ncia da dan\u00e7a"},"content":{"rendered":"\n<p>Por: Elisa Scherer<\/p>\n\n\n\n<p>Ra\u00edzes da Dan\u00e7a foi o projeto experimental da aluna Gabriele Abatti com a orienta\u00e7\u00e3o da professora Luiza Martin da Rosa. A reportagem audiovisual foi dividida em seis v\u00eddeos que foram publicados no canal do Youtube da Jovem Pan News Joinville e  tamb\u00e9m foram veiculados na r\u00e1dio da emissora. A aluna contou que ama falar sobre cultura e por isso decidiu abordar a  dan\u00e7a, por ser uma arte t\u00e3o importante para a cidade.<br><br>O trabalho foi bem recebido pela empresa em que ela trabalha, Jovem Pan, e rendeu at\u00e9 patroc\u00ednios. A Maiara Carvalho Batista Maduro, que fez parte da banca avaliadora, sentiu falta de uma problematiza\u00e7\u00e3o na reportagem mencionando que a constru\u00e7\u00e3o das hist\u00f3rias transmitiam bastante romantiza\u00e7\u00e3o do tema. Por outro lado, a professora Mar\u00edlia Crispi de Moraes fez alguns apontamentos em rela\u00e7\u00e3o ao relat\u00f3rio escrito e elogiou o aspecto rom\u00e2ntico do trabalho final ao frisar que a aluna atingiu o objetivo de construir uma narra\u00e7\u00e3o liter\u00e1ria. \u201cO seu olhar para a cultura foi na dose certa. Continue!\u201d, finalizou. <br>Gabriele se emocionou ao receber da orientadora a not\u00edcia, aprovada com nota 10.<br><\/p>\n","protected":false},"excerpt":{"rendered":"<p>Por: Elisa Scherer Ra\u00edzes da Dan\u00e7a foi o projeto experimental da aluna Gabriele Abatti com a orienta\u00e7\u00e3o da professora Luiza Martin da Rosa. A reportagem audiovisual foi dividida em seis v\u00eddeos que foram publicados no canal do Youtube da Jovem Pan News Joinville e tamb\u00e9m foram veiculados na r\u00e1dio da emissora. A aluna contou que [&hellip;]<\/p>\n","protected":false},"author":16,"featured_media":13190,"comment_status":"open","ping_status":"open","sticky":false,"template":"","format":"standard","meta":{"footnotes":""},"categories":[24,26],"tags":[],"_links":{"self":[{"href":"https:\/\/revidigital.ielusc.br\/index.php\/wp-json\/wp\/v2\/posts\/5499"}],"collection":[{"href":"https:\/\/revidigital.ielusc.br\/index.php\/wp-json\/wp\/v2\/posts"}],"about":[{"href":"https:\/\/revidigital.ielusc.br\/index.php\/wp-json\/wp\/v2\/types\/post"}],"author":[{"embeddable":true,"href":"https:\/\/revidigital.ielusc.br\/index.php\/wp-json\/wp\/v2\/users\/16"}],"replies":[{"embeddable":true,"href":"https:\/\/revidigital.ielusc.br\/index.php\/wp-json\/wp\/v2\/comments?post=5499"}],"version-history":[{"count":2,"href":"https:\/\/revidigital.ielusc.br\/index.php\/wp-json\/wp\/v2\/posts\/5499\/revisions"}],"predecessor-version":[{"id":13192,"href":"https:\/\/revidigital.ielusc.br\/index.php\/wp-json\/wp\/v2\/posts\/5499\/revisions\/13192"}],"wp:featuredmedia":[{"embeddable":true,"href":"https:\/\/revidigital.ielusc.br\/index.php\/wp-json\/wp\/v2\/media\/13190"}],"wp:attachment":[{"href":"https:\/\/revidigital.ielusc.br\/index.php\/wp-json\/wp\/v2\/media?parent=5499"}],"wp:term":[{"taxonomy":"category","embeddable":true,"href":"https:\/\/revidigital.ielusc.br\/index.php\/wp-json\/wp\/v2\/categories?post=5499"},{"taxonomy":"post_tag","embeddable":true,"href":"https:\/\/revidigital.ielusc.br\/index.php\/wp-json\/wp\/v2\/tags?post=5499"}],"curies":[{"name":"wp","href":"https:\/\/api.w.org\/{rel}","templated":true}]}}