{"id":5626,"date":"2021-09-14T13:00:13","date_gmt":"2021-09-14T16:00:13","guid":{"rendered":"http:\/\/revidigital.com.br\/?p=5626"},"modified":"2022-09-12T18:25:35","modified_gmt":"2022-09-12T21:25:35","slug":"cresce-demanda-por-profissionais-de-ti-no-setor-de-tecnologia-catarinense","status":"publish","type":"post","link":"https:\/\/revidigital.ielusc.br\/index.php\/2021\/09\/14\/cresce-demanda-por-profissionais-de-ti-no-setor-de-tecnologia-catarinense\/","title":{"rendered":"Cresce demanda por profissionais de TI no setor de tecnologia catarinense"},"content":{"rendered":"\n<p><em>Por Heloisa Krzeminski<\/em><\/p>\n\n\n\n<p>Santa Catarina apresenta um dos cen\u00e1rios mais crescentes do Brasil quando o assunto \u00e9 tecnologia. Conforme dados da Acate (Associa\u00e7\u00e3o Catarinense de Tecnologia), o Estado contabilizou at\u00e9 maio deste ano 624 novas empresas no setor. Al\u00e9m disso, foram mais de cinco mil novos empregos em TI, gerando uma perspectiva de 16 mil novas vagas criadas at\u00e9 2023.<\/p>\n\n\n\n<p>Em Joinville, o setor de tecnologia da informa\u00e7\u00e3o ainda est\u00e1 se consolidando. Acostumada a ser uma cidade tipicamente industrial, a maior cidade do Estado tem explorado novos ares, entre eles o setor de presta\u00e7\u00e3o de servi\u00e7os, em que a tecnologia desempenha papel importante. A chegada de startups e empresas de outros polos brasileiros, somado \u00e0s perspectivas adquiridas depois do in\u00edcio da pandemia do Covid-19, estabilizou esta novidade na cidade.<\/p>\n\n\n\n<p>Apesar disso, para Charles Miers, coordenador do Programa de P\u00f3s-Gradua\u00e7\u00e3o na Udesc (Universidade do Estado de Santa Catarina), Joinville ainda tem dificuldades de enxergar o profissional de TI. Com vagas que demandam conhecimentos acima da m\u00e9dia e sal\u00e1rios baixos, o professor prefere indicar seus alunos de gradua\u00e7\u00e3o e mestrado para vagas de empresas de outras cidades ou at\u00e9 estrangeiras, para trabalhar remotamente. \u201cIsso \u00e9 um problema nosso local, em outros lugares isso tamb\u00e9m tinha, s\u00f3 que as outras empresas evolu\u00edram mais r\u00e1pido\u201d, explicou.<\/p>\n\n\n\n<p>Contudo, do ponto de vista da aluna do curso de Sistemas para Internet da Faculdade Ielusc Bianca Lazzaris, 28, apesar do mercado de trabalho exigir muitas vezes que os candidatos tenham experi\u00eancia na \u00e1rea, existem v\u00e1rios programas de est\u00e1gio na cidade para trabalhar com tecnologia na prefeitura e em multinacionais. Por isso, para a estudante fazer um portf\u00f3lio e estudar muito \u00e9 quase obrigat\u00f3rio. \u201cQuem entra no curso tem que pensar que os trabalhos e exerc\u00edcios s\u00e3o experi\u00eancias\u201d, disse. Dentro da faculdade, ela garantiu sentir-se preparada para o mercado de trabalho, j\u00e1 que constantemente desenvolve atividades pr\u00e1ticas que a preparam para a realidade, auxiliando em problemas de seu dia a dia profissional.<\/p>\n\n\n\n<h3 class=\"wp-block-heading\"><strong>Os profissionais<\/strong><\/h3>\n\n\n\n<p>A caracter\u00edstica mais essencial que um profissional de TI precisa ter, conforme Charles Miers, \u00e9 ser \u201cgeneralista\u201d. Ou seja, devido ao acelerado avan\u00e7o que a tecnologia est\u00e1 sujeita no decorrer dos anos, a \u00e1rea da tecnologia necessita de profissionais preparados para evoluir paralelamente sabendo de tudo um pouco. \u201cUm profissional que \u00e9 muito especialista sabe aquilo hoje muito bem, mas daqui a cinco anos a tecnologia muda e ele n\u00e3o sabe fazer mais nada, porque s\u00f3 aprendeu a fazer aquilo.\u201d<\/p>\n\n\n\n<p>Uma das facilidades de trabalhar com tecnologia \u00e9 que na maioria das vezes o trabalho pode ser desempenhado de casa no formato home office. Depois da pandemia, muitas pessoas descobriram esse modelo de trabalho remoto que profissionais de TI j\u00e1 conheciam h\u00e1 muito.<\/p>\n\n\n\n<p>Para aqueles que desejam iniciar uma carreira profissional na \u00e1rea, o professor Charles recomenda desenvolver as aptid\u00f5es fazendo um curso t\u00e9cnico ou uma gradua\u00e7\u00e3o e treinar a capacidade de se comunicar com outras pessoas. Al\u00e9m disso, ter curiosidade e iniciativa s\u00e3o diferenciais para trabalhar com tecnologia. Por fim, uma dica importante \u00e9 n\u00e3o desistir, \u201cpercebemos que est\u00e3o tendo uma desist\u00eancia muito r\u00e1pida\u201d, comentou. \u201cIsso faz com que a pessoa comece a testar v\u00e1rias coisas e gere um n\u00edvel de frustra\u00e7\u00e3o.\u201d<\/p>\n","protected":false},"excerpt":{"rendered":"<p>Por Heloisa Krzeminski Santa Catarina apresenta um dos cen\u00e1rios mais crescentes do Brasil quando o assunto \u00e9 tecnologia. Conforme dados da Acate (Associa\u00e7\u00e3o Catarinense de Tecnologia), o Estado contabilizou at\u00e9 maio deste ano 624 novas empresas no setor. Al\u00e9m disso, foram mais de cinco mil novos empregos em TI, gerando uma perspectiva de 16 mil [&hellip;]<\/p>\n","protected":false},"author":20,"featured_media":13141,"comment_status":"open","ping_status":"open","sticky":false,"template":"","format":"standard","meta":{"footnotes":""},"categories":[97,6],"tags":[306,168,93,1402],"_links":{"self":[{"href":"https:\/\/revidigital.ielusc.br\/index.php\/wp-json\/wp\/v2\/posts\/5626"}],"collection":[{"href":"https:\/\/revidigital.ielusc.br\/index.php\/wp-json\/wp\/v2\/posts"}],"about":[{"href":"https:\/\/revidigital.ielusc.br\/index.php\/wp-json\/wp\/v2\/types\/post"}],"author":[{"embeddable":true,"href":"https:\/\/revidigital.ielusc.br\/index.php\/wp-json\/wp\/v2\/users\/20"}],"replies":[{"embeddable":true,"href":"https:\/\/revidigital.ielusc.br\/index.php\/wp-json\/wp\/v2\/comments?post=5626"}],"version-history":[{"count":1,"href":"https:\/\/revidigital.ielusc.br\/index.php\/wp-json\/wp\/v2\/posts\/5626\/revisions"}],"predecessor-version":[{"id":13142,"href":"https:\/\/revidigital.ielusc.br\/index.php\/wp-json\/wp\/v2\/posts\/5626\/revisions\/13142"}],"wp:featuredmedia":[{"embeddable":true,"href":"https:\/\/revidigital.ielusc.br\/index.php\/wp-json\/wp\/v2\/media\/13141"}],"wp:attachment":[{"href":"https:\/\/revidigital.ielusc.br\/index.php\/wp-json\/wp\/v2\/media?parent=5626"}],"wp:term":[{"taxonomy":"category","embeddable":true,"href":"https:\/\/revidigital.ielusc.br\/index.php\/wp-json\/wp\/v2\/categories?post=5626"},{"taxonomy":"post_tag","embeddable":true,"href":"https:\/\/revidigital.ielusc.br\/index.php\/wp-json\/wp\/v2\/tags?post=5626"}],"curies":[{"name":"wp","href":"https:\/\/api.w.org\/{rel}","templated":true}]}}