{"id":5630,"date":"2021-09-14T10:37:40","date_gmt":"2021-09-14T13:37:40","guid":{"rendered":"http:\/\/revidigital.com.br\/?p=5630"},"modified":"2022-09-12T18:26:39","modified_gmt":"2022-09-12T21:26:39","slug":"documentario-e-mostra-de-trabalhos-academicos-marcaram-encerramento-da-11a-sic","status":"publish","type":"post","link":"https:\/\/revidigital.ielusc.br\/index.php\/2021\/09\/14\/documentario-e-mostra-de-trabalhos-academicos-marcaram-encerramento-da-11a-sic\/","title":{"rendered":"Document\u00e1rio e mostra de trabalhos acad\u00eamicos marcaram encerramento da 11\u00aa SIC"},"content":{"rendered":"\n<p><em>Por Joel Martins e Niro Souza Netto<\/em><\/p>\n\n\n\n<p>A \u00faltima noite da 11\u00aa<strong> SIC <\/strong>&#8211; <strong>Semana Integrada de Comunica\u00e7\u00e3o<\/strong> colocou estudantes e egressos dos cursos de <strong>Jornalismo<\/strong> e <strong>Publicidade e Propaganda <\/strong>no centro das aten\u00e7\u00f5es. Uma das atra\u00e7\u00f5es foi a exibi\u00e7\u00e3o do <strong>curta-metragem<\/strong> \u201c<strong><a href=\"https:\/\/www.youtube.com\/watch?v=ijiZOsjNK0Y\">Quem saiu para a entrega<\/a><\/strong>\u201d, vencedor do pr\u00eamio de Melhor Document\u00e1rio no Festival Assimetria 2021. A sess\u00e3o contou com a participa\u00e7\u00e3o dos autores do document\u00e1rio, os publicit\u00e1rios formados pela <strong>Faculdade Ielusc<\/strong> Evaldo Cevinscki Neto, Leonardo Roque Machado e Paula Roberta de Souza, sob orienta\u00e7\u00e3o da professora Beatriz Cavenaghi.<\/p>\n\n\n\n<p>A narrativa apresenta a rotina de cinco entregadores que trabalham para aplicativos, tr\u00eas de Joinville, um de Manaus e outro de Cabo Frio-RJ. Dirigido inteiramente de forma remota, o curta contou com capta\u00e7\u00e3o de imagens no formato vertical pelos pr\u00f3prios entregadores. Durante aproximadamente 20 minutos, os protagonistas relatam suas hist\u00f3rias atrav\u00e9s da c\u00e2mera do celular.&nbsp;<\/p>\n\n\n\n<figure class=\"wp-block-image size-full\"><img decoding=\"async\" loading=\"lazy\" width=\"659\" height=\"299\" src=\"https:\/\/revidigital.ielusc.br\/wp-content\/uploads\/2022\/09\/Leo-Evaldo-e-Paula.jpg\" alt=\"\" class=\"wp-image-13144\"\/><figcaption>Paula, Evaldo e Leonardo falaram sobre a produ\u00e7\u00e3o do curta-metragem<\/figcaption><\/figure>\n\n\n\n<p>Ap\u00f3s a exibi\u00e7\u00e3o via Google Meet, professores e alunos debateram com Evaldo, Leonardo e Paula sobre o pioneirismo da produ\u00e7\u00e3o e a import\u00e2ncia de dar visibilidade dada aos profissionais de aplicativos. Voc\u00ea pode assistir ao curta no <a href=\"https:\/\/www.youtube.com\/watch?v=ijiZOsjNK0Y\">Youtube<\/a> e no <a href=\"https:\/\/www.instagram.com\/quemsaiuparaentrega\/?utm_medium=copy_link\">Instagram<\/a>.<\/p>\n\n\n\n<h4 class=\"wp-block-heading\"><strong>Livros, projetos e pesquisas<\/strong><\/h4>\n\n\n\n<p>O encerramento da SIC tamb\u00e9m contou com lan\u00e7amento de tr\u00eas livros que contam com a participa\u00e7\u00e3o de professores e estudantes da Faculdade Ielusc: o e-book Teorias da Comunica\u00e7\u00e3o (dispon\u00edvel aqui), <strong>Filosofia Latino-Americana: Leopoldo Zea, do <\/strong>professor Leandro Hofst\u00e4tter, e Jornalismo a servi\u00e7o dos p\u00fablicos locais (Grupo de Pesquisa GPS-Jor).<\/p>\n\n\n\n<figure class=\"wp-block-image size-full\"><img decoding=\"async\" loading=\"lazy\" width=\"1087\" height=\"523\" src=\"https:\/\/revidigital.ielusc.br\/wp-content\/uploads\/2022\/09\/Livros3.jpg\" alt=\"\" class=\"wp-image-13145\"\/><figcaption>Obras lan\u00e7adas t\u00eam autoria de professores e estudantes da Faculdade Ielusc<\/figcaption><\/figure>\n\n\n\n<p>A Mostra de Trabalhos Acad\u00eamicos contou com 17 inscri\u00e7\u00f5es, distribu\u00eddas em tr\u00eas sess\u00f5es. Egressos apresentaram resultados de suas pesquisas de conclus\u00e3o de curso e estudantes de Jornalismo e Publicidade e Propaganda trouxeram seus projetos experimentais e tamb\u00e9m trabalhos desenvolvidos em disciplinas. O jornalista James Klaus Miers, mestre em Comunica\u00e7\u00e3o, apresentou resultados da pesquisa \u201cLeitura, letramento e liberta\u00e7\u00e3o: h\u00e1bitos dos estudantes no c\u00e1rcere\u201d, desenvolvida na penitenci\u00e1ria da Canhanduba, em Itaja\u00ed.<\/p>\n\n\n\n<h4 class=\"wp-block-heading\"><strong>Oficinas Soft Skills e Pain\u00e9is<\/strong><\/h4>\n\n\n\n<p>Ao longo da Semana, a SIC realizou cinco oficinas Soft Skills nas \u00e1reas de express\u00e3o oral, marketing e imagem pessoal, resili\u00eancia e cultura. A abertura contou com um painel sobre Mercados Emergentes e Avan\u00e7os Tecnol\u00f3gicos. Participaram do debate os convidados <strong>Giuliander Carpes<\/strong>, doutorando em Ci\u00eancias da Comunica\u00e7\u00e3o e Informa\u00e7\u00e3o na Universidade de Toulouse (Fran\u00e7a); o UX designer <strong>Andr\u00e9 Pasold,<\/strong> especialista em Marketing, Consumo e Redes Sociais (Raleigh\/Estados Unidos) e o produtor audiovisual Leonardo Roat,Doutor em Ci\u00eancias da Linguagem, graduado em Artes C\u00eanicas (Dire\u00e7\u00e3o e Interpreta\u00e7\u00e3o Teatral).<\/p>\n\n\n\n<p>Na segunda-feira, v\u00e9spera do feriado de 7 de setembro, o curso de Jornalismo recebeu a presidente da Associa\u00e7\u00e3o Catarinense de Imprensa, D\u00e9borah Almada, al\u00e9m de diretores regionais da entidade. A conversa abordou o Pr\u00eamio ACI Ocesc de Jornalismo e a import\u00e2ncia do associativismo. Na segunda parte do encontro, houve participa\u00e7\u00e3o do Diretor de Rela\u00e7\u00f5es Institucionais da Federa\u00e7\u00e3o Nacional dos Jornalistas, S\u00e9rgio Murillo de Andrade, e Silvia Agostini (Sindicato dos Jornalistas de Santa Catarina. Eles falaram sobre a campanha de cria\u00e7\u00e3o de um fundo de fomento ao jornalismo.<\/p>\n","protected":false},"excerpt":{"rendered":"<p>Por Joel Martins e Niro Souza Netto A \u00faltima noite da 11\u00aa SIC &#8211; Semana Integrada de Comunica\u00e7\u00e3o colocou estudantes e egressos dos cursos de Jornalismo e Publicidade e Propaganda no centro das aten\u00e7\u00f5es. Uma das atra\u00e7\u00f5es foi a exibi\u00e7\u00e3o do curta-metragem \u201cQuem saiu para a entrega\u201d, vencedor do pr\u00eamio de Melhor Document\u00e1rio no Festival [&hellip;]<\/p>\n","protected":false},"author":5,"featured_media":13143,"comment_status":"open","ping_status":"open","sticky":false,"template":"","format":"standard","meta":{"footnotes":""},"categories":[78,24,26],"tags":[454,57,34,103,113,104,1183],"_links":{"self":[{"href":"https:\/\/revidigital.ielusc.br\/index.php\/wp-json\/wp\/v2\/posts\/5630"}],"collection":[{"href":"https:\/\/revidigital.ielusc.br\/index.php\/wp-json\/wp\/v2\/posts"}],"about":[{"href":"https:\/\/revidigital.ielusc.br\/index.php\/wp-json\/wp\/v2\/types\/post"}],"author":[{"embeddable":true,"href":"https:\/\/revidigital.ielusc.br\/index.php\/wp-json\/wp\/v2\/users\/5"}],"replies":[{"embeddable":true,"href":"https:\/\/revidigital.ielusc.br\/index.php\/wp-json\/wp\/v2\/comments?post=5630"}],"version-history":[{"count":1,"href":"https:\/\/revidigital.ielusc.br\/index.php\/wp-json\/wp\/v2\/posts\/5630\/revisions"}],"predecessor-version":[{"id":13146,"href":"https:\/\/revidigital.ielusc.br\/index.php\/wp-json\/wp\/v2\/posts\/5630\/revisions\/13146"}],"wp:featuredmedia":[{"embeddable":true,"href":"https:\/\/revidigital.ielusc.br\/index.php\/wp-json\/wp\/v2\/media\/13143"}],"wp:attachment":[{"href":"https:\/\/revidigital.ielusc.br\/index.php\/wp-json\/wp\/v2\/media?parent=5630"}],"wp:term":[{"taxonomy":"category","embeddable":true,"href":"https:\/\/revidigital.ielusc.br\/index.php\/wp-json\/wp\/v2\/categories?post=5630"},{"taxonomy":"post_tag","embeddable":true,"href":"https:\/\/revidigital.ielusc.br\/index.php\/wp-json\/wp\/v2\/tags?post=5630"}],"curies":[{"name":"wp","href":"https:\/\/api.w.org\/{rel}","templated":true}]}}