{"id":5680,"date":"2021-09-21T17:45:40","date_gmt":"2021-09-21T20:45:40","guid":{"rendered":"http:\/\/revidigital.com.br\/?p=5680"},"modified":"2022-09-12T18:18:32","modified_gmt":"2022-09-12T21:18:32","slug":"mudancas-climaticas-antecipam-ciclo-de-florescimento-dos-ipes","status":"publish","type":"post","link":"https:\/\/revidigital.ielusc.br\/index.php\/2021\/09\/21\/mudancas-climaticas-antecipam-ciclo-de-florescimento-dos-ipes\/","title":{"rendered":"Mudan\u00e7as clim\u00e1ticas antecipam ciclo de florescimento dos ip\u00eas"},"content":{"rendered":"\n<p><em>Por Heloisa Krzeminski<\/em><\/p>\n\n\n\n<p>Os ip\u00eas s\u00e3o conhecidos por serem \u00e1rvores que florescem durante o inverno. O fen\u00f4meno se distingue de muitas outras flores que aguardam a primavera para desabrocharem. Essa \u00e9 uma das caracter\u00edsticas que os tornam t\u00e3o marcantes em meio a dias cinzentos da esta\u00e7\u00e3o mais fria do ano. Contudo, as altas temperaturas durante o inverno deste ano interferiram na flora\u00e7\u00e3o das esp\u00e9cies.<\/p>\n\n\n\n<p>Como consequ\u00eancia, os ip\u00eas floresceram mais cedo do que o convencional. Quando o ciclo de florescimento se adianta, semelhante ao que aconteceu este ano, \u00e9 gerada uma disputa entre as diferentes esp\u00e9cies de ip\u00eas pelos mesmos grupos polinizadores, impedindo que todas as plantas sejam polinizadas da forma correta.&nbsp;<\/p>\n\n\n\n<p>Outro problema, conforme Suzana Alcantara, professora de bot\u00e2nica na Universidade Federal de Santa Catarina, \u00e9 que existe uma sintonia muito fina para a germina\u00e7\u00e3o das esp\u00e9cies, ou seja, elas precisam passar por condi\u00e7\u00f5es de temperatura espec\u00edficas e ter disponibilidade de recurso e \u00e1gua no ambiente para poder germinar. \u201cImagina uma planta que era para germinar l\u00e1 em outubro ou setembro, mas que j\u00e1 floresceu agora em agosto.&nbsp;Apesar de a temperatura estar mais alta em agosto, a quantidade de chuva n\u00e3o \u00e9 a mesma, ent\u00e3o ela vai ter muito menos recurso.&#8221; O florescimento antecipado dos ip\u00eas, portanto, \u00e9 uma consequ\u00eancia negativa do aquecimento global, que os coloca em risco.<\/p>\n\n\n\n<figure class=\"wp-block-image size-full\"><img decoding=\"async\" loading=\"lazy\" width=\"1024\" height=\"768\" src=\"https:\/\/revidigital.ielusc.br\/wp-content\/uploads\/2022\/09\/mca_abr_2008183710.jpg\" alt=\"\" class=\"wp-image-13118\"\/><figcaption>Ip\u00eas amarelos florecem em Brasilia<\/figcaption><\/figure>\n\n\n\n<h3 class=\"wp-block-heading\"><strong>Por que eles florescem no inverno?<\/strong><\/h3>\n\n\n\n<p>De acordo com a professora Suzana, a estrat\u00e9gia de flora\u00e7\u00e3o dos ip\u00eas \u00e9 conhecida por \u201cBig Bang\u201d. Os indiv\u00edduos de determinada esp\u00e9cie florescem simultaneamente, com o objetivo de favorecer a poliniza\u00e7\u00e3o cruzada. \u201cQuando voc\u00ea tem muitos indiv\u00edduos florescendo ao mesmo tempo, o polinizador enxerga aquilo como recurso para ser explorado e faz com que se tenha muito sucesso na frutifica\u00e7\u00e3o dessas \u00e1rvores\u201d, explicou.<\/p>\n\n\n\n<p>Acredita-se que essa estrat\u00e9gia aconte\u00e7a durante o inverno, mais especificamente na metade da esta\u00e7\u00e3o em diante, porque muitos animais est\u00e3o em um est\u00e1gio let\u00e1rgico e com poucos recursos na natureza. Portanto, ao florescer os ip\u00eas se tornam a principal fonte de alimento de muitas esp\u00e9cies favorecendo a frutifica\u00e7\u00e3o e, consequentemente, a troca de genes em diferentes indiv\u00edduos.<\/p>\n\n\n\n<p>Dois fatores que indicam a flora\u00e7\u00e3o dos ip\u00eas \u00e9 a ilumina\u00e7\u00e3o, mais especificamente a varia\u00e7\u00e3o da quantidade de horas no dia, e a temperatura.<\/p>\n\n\n\n<figure class=\"wp-block-image size-full\"><img decoding=\"async\" loading=\"lazy\" width=\"1024\" height=\"768\" src=\"https:\/\/revidigital.ielusc.br\/wp-content\/uploads\/2022\/09\/ipes-em-brasilia_mcamgo_abr_160720211818-8.jpg\" alt=\"\" class=\"wp-image-13119\"\/><figcaption>Florada dos ip\u00eas, em Bras\u00edlia.<\/figcaption><\/figure>\n\n\n\n<p>Em 1961, o ex-presidente J\u00e2nio Quadros concedeu \u00e0 flor do ip\u00ea o t\u00edtulo de \u201cFlor Nacional\u201d, apesar de n\u00e3o ser uma esp\u00e9cie exclusivamente brasileira. Ali\u00e1s, o correto \u00e9 dizer esp\u00e9cies, j\u00e1 que as diferentes cores possuem g\u00eaneros diferentes. As mais comuns s\u00e3o <em>Handroanthus <\/em>e <em>Tabebuias<\/em> comuns em florestas de mata atl\u00e2ntica. De qualquer forma, todas pertencem \u00e0 fam\u00edlia <em>Bignoniaceae<\/em> e suas semelhan\u00e7as proporcionaram-lhes o mesmo apelido.<\/p>\n\n\n\n<p>Uma de suas fun\u00e7\u00f5es fora da natureza \u00e9 arborizar o cen\u00e1rio urbano, mas os ip\u00eas tamb\u00e9m s\u00e3o valorizados por sua madeira na produ\u00e7\u00e3o de assoalhos e mobili\u00e1rios altamente resistentes. Sendo da\u00ed que se origina o nome ip\u00ea, palavra herdada do tupi-guarani, que significa cascadura.<\/p>\n\n\n\n<p>Veja abaixo o infogr\u00e1fico sobre os ip\u00eas:<\/p>\n\n\n\n<figure class=\"wp-block-image size-full\"><img decoding=\"async\" loading=\"lazy\" width=\"800\" height=\"2000\" src=\"https:\/\/revidigital.ielusc.br\/wp-content\/uploads\/2022\/09\/Processo-do-Design.png\" alt=\"\" class=\"wp-image-13120\" srcset=\"https:\/\/revidigital.ielusc.br\/wp-content\/uploads\/2022\/09\/Processo-do-Design.png 800w, https:\/\/revidigital.ielusc.br\/wp-content\/uploads\/2022\/09\/Processo-do-Design-614x1536.png 614w\" sizes=\"(max-width: 800px) 100vw, 800px\" \/><figcaption>Foto: Heloisa Krzeminski<\/figcaption><\/figure>\n","protected":false},"excerpt":{"rendered":"<p>Por Heloisa Krzeminski Os ip\u00eas s\u00e3o conhecidos por serem \u00e1rvores que florescem durante o inverno. O fen\u00f4meno se distingue de muitas outras flores que aguardam a primavera para desabrocharem. Essa \u00e9 uma das caracter\u00edsticas que os tornam t\u00e3o marcantes em meio a dias cinzentos da esta\u00e7\u00e3o mais fria do ano. Contudo, as altas temperaturas durante [&hellip;]<\/p>\n","protected":false},"author":20,"featured_media":13117,"comment_status":"open","ping_status":"open","sticky":false,"template":"","format":"standard","meta":{"footnotes":""},"categories":[97,852],"tags":[1409,1410,942,721],"_links":{"self":[{"href":"https:\/\/revidigital.ielusc.br\/index.php\/wp-json\/wp\/v2\/posts\/5680"}],"collection":[{"href":"https:\/\/revidigital.ielusc.br\/index.php\/wp-json\/wp\/v2\/posts"}],"about":[{"href":"https:\/\/revidigital.ielusc.br\/index.php\/wp-json\/wp\/v2\/types\/post"}],"author":[{"embeddable":true,"href":"https:\/\/revidigital.ielusc.br\/index.php\/wp-json\/wp\/v2\/users\/20"}],"replies":[{"embeddable":true,"href":"https:\/\/revidigital.ielusc.br\/index.php\/wp-json\/wp\/v2\/comments?post=5680"}],"version-history":[{"count":1,"href":"https:\/\/revidigital.ielusc.br\/index.php\/wp-json\/wp\/v2\/posts\/5680\/revisions"}],"predecessor-version":[{"id":13121,"href":"https:\/\/revidigital.ielusc.br\/index.php\/wp-json\/wp\/v2\/posts\/5680\/revisions\/13121"}],"wp:featuredmedia":[{"embeddable":true,"href":"https:\/\/revidigital.ielusc.br\/index.php\/wp-json\/wp\/v2\/media\/13117"}],"wp:attachment":[{"href":"https:\/\/revidigital.ielusc.br\/index.php\/wp-json\/wp\/v2\/media?parent=5680"}],"wp:term":[{"taxonomy":"category","embeddable":true,"href":"https:\/\/revidigital.ielusc.br\/index.php\/wp-json\/wp\/v2\/categories?post=5680"},{"taxonomy":"post_tag","embeddable":true,"href":"https:\/\/revidigital.ielusc.br\/index.php\/wp-json\/wp\/v2\/tags?post=5680"}],"curies":[{"name":"wp","href":"https:\/\/api.w.org\/{rel}","templated":true}]}}