{"id":5696,"date":"2021-09-23T15:30:48","date_gmt":"2021-09-23T18:30:48","guid":{"rendered":"http:\/\/revidigital.com.br\/?p=5696"},"modified":"2022-09-12T18:16:24","modified_gmt":"2022-09-12T21:16:24","slug":"livro-em-busca-do-reinado","status":"publish","type":"post","link":"https:\/\/revidigital.ielusc.br\/index.php\/2021\/09\/23\/livro-em-busca-do-reinado\/","title":{"rendered":"Livro &#8220;Em Busca do Reinado&#8221; vai ganhar uma continua\u00e7\u00e3o"},"content":{"rendered":"\n<p>Juliano Reinert \u00e9 o escritor do livro joinvilense \u201cEm busca de reinado\u201d que vendeu aproximadamente 250 c\u00f3pias f\u00edsicas desde o seu lan\u00e7amento. Tr\u00eas anos depois, o autor revela que ir\u00e1 publicar uma continua\u00e7\u00e3o. O livro \u00e9 uma aventura dist\u00f3pica e conta a hist\u00f3ria de Bruno, um menino que perdeu seus pais na Terceira Guerra Mundial. O personagem passa por diversas aventuras em busca de uma melhor qualidade de vida, para conhecer a hist\u00f3ria voc\u00ea pode acompanhar a mat\u00e9ria de Catherine Kuehl para a <a href=\"http:\/\/www.ielusc.br\/aplicativos\/wordpress_revi\/escritor-joinvilense-juliano-reinert-estreia-com-livro-de-literatura-fantastica\/\">Revi<\/a>.<\/p>\n\n\n\n<p>\u201cEm Busca do Reinado \u00e9 um livro que eu precisei dividir em duas partes por conta dos custos do projeto. Ent\u00e3o este que est\u00e1 lan\u00e7ado \u00e9 apenas a primeira parte da hist\u00f3ria\u201d, diz Juliano. A segunda parte j\u00e1 est\u00e1 pronta e seria lan\u00e7ada em 2020, mas a pandemia atrapalhou o processo de publica\u00e7\u00e3o. Al\u00e9m da continua\u00e7\u00e3o, ele j\u00e1 est\u00e1 escrevendo mais um livro desse mesmo universo de fantasia.<\/p>\n\n\n\n<figure class=\"wp-block-image size-full\"><img decoding=\"async\" loading=\"lazy\" width=\"1536\" height=\"1023\" src=\"https:\/\/revidigital.ielusc.br\/wp-content\/uploads\/2022\/09\/Juliano-lancamento-\u00a9Eberson-Theodoro-160-copia-1536x1023-1.jpg\" alt=\"\" class=\"wp-image-13115\"\/><figcaption>Evento de lan\u00e7amento do livro em 2018 \/ Foto: Eberson Theodoro<\/figcaption><\/figure>\n\n\n\n<p>Todo relato positivo, toda foto em rede social de algu\u00e9m lendo, toda resenha elogiosa, todo carinho que recebeu das pessoas foram incentivos para que continuasse a escrever. \u201cAcho que eu nunca me senti t\u00e3o acolhido e t\u00e3o amado pelas pessoas quanto nesse processo de lan\u00e7ar e divulgar um livro\u201d, conta o autor. Por\u00e9m, o dinheiro investido n\u00e3o pagou todos os custos do projeto.<\/p>\n\n\n\n<p>O lan\u00e7amento de \u201cEm busca do reinado\u201d foi financiado por meio de campanha realizada no site de financiamentos coletivos <a href=\"https:\/\/www.catarse.me\/?ref=ctrse_header\">Catarse<\/a>, que arrecadou aproximadamente 14 mil reais e possibilitou a tiragem de 500 exemplares. Voc\u00ea pode conhecer mais do projeto lendo a mat\u00e9ria de&nbsp; Carolina Weiss Deiques para a <a href=\"http:\/\/www.ielusc.br\/aplicativos\/wordpress_revi\/jornalista-utiliza-financiamento-coletivo-para-publicar-primeiro-livro\/\">REVI<\/a>.<\/p>\n\n\n\n<p>Durante os primeiros meses da campanha de lan\u00e7amento o n\u00famero de c\u00f3pias vendidas surpreendeu Juliano, mas ap\u00f3s uma an\u00e1lise cr\u00edtica percebeu que o n\u00famero de vendas foi baixo e o volume que observou veio de seus apoiadores. \u201cEu nunca tive expectativas ousadas. Mas quando eu pus na ponta do l\u00e1pis, vi que as entregas eram boas, mas o volume de leitores era assustadoramente baixo e isso me desanimou um pouco.\u201d O autor s\u00f3 obteve lucro gra\u00e7as ao projeto de financiamento, que bancou os custos de impress\u00e3o e da campanha de lan\u00e7amento. Sem isso, a publica\u00e7\u00e3o seria invi\u00e1vel para o autor.&nbsp;<\/p>\n\n\n\n<p>Mesmo com todas as dificuldades, Juliano est\u00e1 ansioso para sua nova publica\u00e7\u00e3o. \u201cFoi a experi\u00eancia mais fant\u00e1stica da minha vida e eu faria tudo outra vez. Ali\u00e1s, vou fazer! H\u00e1 algumas chatea\u00e7\u00f5es no caminho, mas s\u00e3o aprendizados. Das pr\u00f3ximas vezes, vou errar menos. \u00c9 como fazer uma viagem em que voc\u00ea n\u00e3o sabe o caminho. Agora eu j\u00e1 trilhei por ele e sei onde est\u00e3o as pedras.\u201d<\/p>\n","protected":false},"excerpt":{"rendered":"<p>Juliano Reinert \u00e9 o escritor do livro joinvilense \u201cEm busca de reinado\u201d que vendeu aproximadamente 250 c\u00f3pias f\u00edsicas desde o seu lan\u00e7amento. Tr\u00eas anos depois, o autor revela que ir\u00e1 publicar uma continua\u00e7\u00e3o. O livro \u00e9 uma aventura dist\u00f3pica e conta a hist\u00f3ria de Bruno, um menino que perdeu seus pais na Terceira Guerra Mundial. [&hellip;]<\/p>\n","protected":false},"author":3,"featured_media":13114,"comment_status":"open","ping_status":"open","sticky":false,"template":"","format":"standard","meta":{"footnotes":""},"categories":[97,88,11],"tags":[1411,1412,48,334],"_links":{"self":[{"href":"https:\/\/revidigital.ielusc.br\/index.php\/wp-json\/wp\/v2\/posts\/5696"}],"collection":[{"href":"https:\/\/revidigital.ielusc.br\/index.php\/wp-json\/wp\/v2\/posts"}],"about":[{"href":"https:\/\/revidigital.ielusc.br\/index.php\/wp-json\/wp\/v2\/types\/post"}],"author":[{"embeddable":true,"href":"https:\/\/revidigital.ielusc.br\/index.php\/wp-json\/wp\/v2\/users\/3"}],"replies":[{"embeddable":true,"href":"https:\/\/revidigital.ielusc.br\/index.php\/wp-json\/wp\/v2\/comments?post=5696"}],"version-history":[{"count":1,"href":"https:\/\/revidigital.ielusc.br\/index.php\/wp-json\/wp\/v2\/posts\/5696\/revisions"}],"predecessor-version":[{"id":13116,"href":"https:\/\/revidigital.ielusc.br\/index.php\/wp-json\/wp\/v2\/posts\/5696\/revisions\/13116"}],"wp:featuredmedia":[{"embeddable":true,"href":"https:\/\/revidigital.ielusc.br\/index.php\/wp-json\/wp\/v2\/media\/13114"}],"wp:attachment":[{"href":"https:\/\/revidigital.ielusc.br\/index.php\/wp-json\/wp\/v2\/media?parent=5696"}],"wp:term":[{"taxonomy":"category","embeddable":true,"href":"https:\/\/revidigital.ielusc.br\/index.php\/wp-json\/wp\/v2\/categories?post=5696"},{"taxonomy":"post_tag","embeddable":true,"href":"https:\/\/revidigital.ielusc.br\/index.php\/wp-json\/wp\/v2\/tags?post=5696"}],"curies":[{"name":"wp","href":"https:\/\/api.w.org\/{rel}","templated":true}]}}