{"id":5803,"date":"2021-10-11T16:14:31","date_gmt":"2021-10-11T19:14:31","guid":{"rendered":"http:\/\/revidigital.com.br\/?p=5803"},"modified":"2022-09-12T18:02:42","modified_gmt":"2022-09-12T21:02:42","slug":"curso-de-nutricao-do-ielusc-promove-pedagio-solidario","status":"publish","type":"post","link":"https:\/\/revidigital.ielusc.br\/index.php\/2021\/10\/11\/curso-de-nutricao-do-ielusc-promove-pedagio-solidario\/","title":{"rendered":"Curso de Nutri\u00e7\u00e3o do Ielusc promove Ped\u00e1gio Solid\u00e1rio"},"content":{"rendered":"\n<p>Por Barb\u00e1ra Siementkowski<\/p>\n\n\n\n<p>Em comemora\u00e7\u00e3o ao dia mundial da alimenta\u00e7\u00e3o, o curso de Nutri\u00e7\u00e3o do Ielusc promover\u00e1 o Ped\u00e1gio Solid\u00e1rio, uma a\u00e7\u00e3o para doa\u00e7\u00e3o de alimentos. Ela ocorrer\u00e1 no dia 14 de outubro das 8h \u00e0s 18h, e ter\u00e1 diversos pontos de coleta, entre eles as duas unidades da Faculdade Ielusc (Rua Princesa Isabel, 438 e Rua Prof\u00aa Ada da Silveira, 168).<\/p>\n\n\n\n<p>O projeto \u00e9 idealizado pelo sexto per\u00edodo do curso de Nutri\u00e7\u00e3o da Faculdade Ielusc e teve in\u00edcio em 2020. Segundo a Professora Sandra Czarnobay, a ideia surgiu em uma aula de Seguran\u00e7a Alimentar e Nutricional, onde ela incentivou os alunos a comemorarem o Dia Mundial da Alimenta\u00e7\u00e3o. Essa j\u00e1 \u00e9 a terceira edi\u00e7\u00e3o do projeto, no primeiro semestre deste ano a a\u00e7\u00e3o foi realizada em junho, em comemora\u00e7\u00e3o ao Dia Mundial da Seguran\u00e7a Alimentar, onde foram coletados 300 kg de alimentos.<\/p>\n\n\n\n<p>O Ped\u00e1gio Solid\u00e1rio conta com a parceria de v\u00e1rias institui\u00e7\u00f5es, que ajudam sendo ponto de coleta ou doando alimentos.<\/p>\n\n\n\n<p>\u201cDesde o in\u00edcio eu fomentei a parceria entre institui\u00e7\u00f5es de ensino superior, o Conselho de Seguran\u00e7a Alimentar e Nutricional e esse ano n\u00f3s tamb\u00e9m tivemos a parceria da Prefeitura Municipal de Joinville, atrav\u00e9s da Secretaria de Educa\u00e7\u00e3o\u201d, declara a professora.<\/p>\n\n\n\n<p>O evento \u00e9 sempre trabalhado dentro de alguma disciplina. A organiza\u00e7\u00e3o fica por conta dos estudantes, desde a divulga\u00e7\u00e3o at\u00e9 o momento de montar o ped\u00e1gio e fazer a coleta das doa\u00e7\u00f5es. A estudante de Nutri\u00e7\u00e3o Yasmin Leite estar\u00e1 no dia 14, ajudando na coleta dos alimentos e auxiliando na log\u00edstica do evento.&nbsp;<\/p>\n\n\n\n<p>\u201cA import\u00e2ncia de participar da a\u00e7\u00e3o est\u00e1 em poder ajudar o pr\u00f3ximo e a cada dia que passa dar mais valor aos alimentos que temos\u201d diz a estudante.<\/p>\n\n\n\n<p>Para a professora Sandra, as expectativas est\u00e3o muito boas, j\u00e1 que as parcerias para esse ano se ampliaram. \u201cCada institui\u00e7\u00e3o que n\u00f3s convidamos tamb\u00e9m vai doar para entidades que elas j\u00e1 t\u00eam cadastradas. No IELUSC iremos doar para institui\u00e7\u00f5es de longa perman\u00eancia para idosos e tamb\u00e9m para o Mesa Brasil do SESC\u201d, ressalta.<\/p>\n\n\n\n<p><\/p>\n\n\n\n<p class=\"has-text-align-center\"><strong>Al\u00e9m do Ponto de Coleta no Ielusc voc\u00ea tamb\u00e9m poder\u00e1 doar:<\/strong><\/p>\n\n\n\n<p class=\"has-text-align-center\">SESC (Rua Itai\u00f3polis, 470, Am\u00e9rica)&nbsp;<\/p>\n\n\n\n<p class=\"has-text-align-center\">Sociedade Educacional Santo Ant\u00f4nio (Rua Papa Jo\u00e3o XXIII, 1100, Iriri\u00fa)<\/p>\n\n\n\n<p class=\"has-text-align-center\">Univille (Rua Paula Malchitzki, 10, Zona Industrial Norte, Bloco B, Sala 103)<\/p>\n\n\n\n<p class=\"has-text-align-center\">Restaurantes Populares (Rua Urussanga, 442, Bucarein e Avenida Avelino Hansen, 65, Adhemar Garcia)<\/p>\n\n\n\n<p class=\"has-text-align-center\">Secretaria de Educa\u00e7\u00e3o (Rua Itaja\u00ed, 390)<\/p>\n\n\n\n<p class=\"has-text-align-center\">Giassi Supermercados (Rua In\u00e1cio Bastos, 173, Bucarein)<\/p>\n\n\n\n<p class=\"has-text-align-center\">Ser\u00e3o aceitos<strong> <\/strong>alimentos in natura ou minimamente processados como arroz, feij\u00e3o, farinha de trigo, leite, carnes, frutas, legumes e verduras.&nbsp;<\/p>\n","protected":false},"excerpt":{"rendered":"<p>Por Barb\u00e1ra Siementkowski Em comemora\u00e7\u00e3o ao dia mundial da alimenta\u00e7\u00e3o, o curso de Nutri\u00e7\u00e3o do Ielusc promover\u00e1 o Ped\u00e1gio Solid\u00e1rio, uma a\u00e7\u00e3o para doa\u00e7\u00e3o de alimentos. Ela ocorrer\u00e1 no dia 14 de outubro das 8h \u00e0s 18h, e ter\u00e1 diversos pontos de coleta, entre eles as duas unidades da Faculdade Ielusc (Rua Princesa Isabel, 438 [&hellip;]<\/p>\n","protected":false},"author":1,"featured_media":13078,"comment_status":"open","ping_status":"open","sticky":false,"template":"","format":"standard","meta":{"footnotes":""},"categories":[17,11],"tags":[],"_links":{"self":[{"href":"https:\/\/revidigital.ielusc.br\/index.php\/wp-json\/wp\/v2\/posts\/5803"}],"collection":[{"href":"https:\/\/revidigital.ielusc.br\/index.php\/wp-json\/wp\/v2\/posts"}],"about":[{"href":"https:\/\/revidigital.ielusc.br\/index.php\/wp-json\/wp\/v2\/types\/post"}],"author":[{"embeddable":true,"href":"https:\/\/revidigital.ielusc.br\/index.php\/wp-json\/wp\/v2\/users\/1"}],"replies":[{"embeddable":true,"href":"https:\/\/revidigital.ielusc.br\/index.php\/wp-json\/wp\/v2\/comments?post=5803"}],"version-history":[{"count":1,"href":"https:\/\/revidigital.ielusc.br\/index.php\/wp-json\/wp\/v2\/posts\/5803\/revisions"}],"predecessor-version":[{"id":13079,"href":"https:\/\/revidigital.ielusc.br\/index.php\/wp-json\/wp\/v2\/posts\/5803\/revisions\/13079"}],"wp:featuredmedia":[{"embeddable":true,"href":"https:\/\/revidigital.ielusc.br\/index.php\/wp-json\/wp\/v2\/media\/13078"}],"wp:attachment":[{"href":"https:\/\/revidigital.ielusc.br\/index.php\/wp-json\/wp\/v2\/media?parent=5803"}],"wp:term":[{"taxonomy":"category","embeddable":true,"href":"https:\/\/revidigital.ielusc.br\/index.php\/wp-json\/wp\/v2\/categories?post=5803"},{"taxonomy":"post_tag","embeddable":true,"href":"https:\/\/revidigital.ielusc.br\/index.php\/wp-json\/wp\/v2\/tags?post=5803"}],"curies":[{"name":"wp","href":"https:\/\/api.w.org\/{rel}","templated":true}]}}