{"id":5890,"date":"2021-10-21T20:21:02","date_gmt":"2021-10-21T23:21:02","guid":{"rendered":"http:\/\/revidigital.com.br\/?p=5890"},"modified":"2024-03-18T17:06:29","modified_gmt":"2024-03-18T20:06:29","slug":"se-essa-praca-falasse-praca-nereu-ramos","status":"publish","type":"post","link":"https:\/\/revidigital.ielusc.br\/index.php\/2021\/10\/21\/se-essa-praca-falasse-praca-nereu-ramos\/","title":{"rendered":"Se essa pra\u00e7a falasse:  Pra\u00e7a Nereu Ramos"},"content":{"rendered":"\n<p><strong>Utilizada por quem passa na \u00e1rea central de Joinville, a pra\u00e7a \u00e9 uma das mais populares da cidade&nbsp;<\/strong><\/p>\n\n\n\n<p>Uma das pra\u00e7as mais utilizadas pelos joinvilenses que v\u00e3o ao Centro e moradores da regi\u00e3o. Com a presen\u00e7a di\u00e1ria de pessoas que passam por ela para descansar em seus bancos ou simplesmente para jogar domin\u00f3 e cartas. Al\u00e9m de contar com o pr\u00e9dio hist\u00f3rico da Ipreville, que j\u00e1 foi o F\u00f3rum e a ag\u00eancia dos Correios. A Pra\u00e7a Nereu Ramos est\u00e1 localizada no cora\u00e7\u00e3o&nbsp; de Joinville, ao lado das ruas do Pr\u00edncipe e a Engenheiro Niemeyer.&nbsp;&nbsp;<\/p>\n\n\n\n<p>Se engana quem pensa que o espa\u00e7o sempre teve esse nome. At\u00e9 o in\u00edcio do s\u00e9culo XX, a pra\u00e7a se chamava Carlos Gomes, em homenagem ao maestro e compositor de \u00f3pera muito importante do ainda Brasil Imp\u00e9rio. Foi no final da d\u00e9cada de 30 que o local recebeu o atual nome, em homenagem ao pol\u00edtico catarinense Nereu Ramos.&nbsp;<\/p>\n\n\n<div class=\"wp-block-image\">\n<figure class=\"alignleft size-full\"><img decoding=\"async\" loading=\"lazy\" width=\"291\" height=\"173\" src=\"https:\/\/revidigital.ielusc.br\/wp-content\/uploads\/2022\/09\/download-43.jpg\" alt=\"\" class=\"wp-image-13028\"\/><figcaption class=\"wp-element-caption\">Pra\u00e7a Nereu Ramos no in\u00edcio do s\u00e9culo XX &#8211; Foto: Arquivo hist\u00f3rico de Joinville <\/figcaption><\/figure><\/div>\n\n\n<p>Nereu de Oliveira Ramos, nasceu em Lages em 3 de setembro de 1888. Foi o 20\u00ba presidente do Brasil por apenas dois meses e 21 dias, de novembro de 1955 a janeiro de 1956, sendo o \u00fanico catarinense a presidir o pa\u00eds. Formado em direito pela Faculdade de S\u00e3o Paulo, teve uma longa carreira pol\u00edtica como deputado estadual, em 1910 e deputado federal, em 1930. Al\u00e9m disso, foi governador e interventor federal de Santa Catarina de 1935 a 1945. Foi grande apoiador de Get\u00falio Vargas no Governo Provis\u00f3rio da Revolu\u00e7\u00e3o de 30. Foi tamb\u00e9m presidente da C\u00e2mara de Deputados, vice-presidente do Senado Federal e ministro da Justi\u00e7a. Morreu em 1958, em um acidente a\u00e9reo na cidade paranaense de S\u00e3o Jos\u00e9 dos Pinhais, junto ao governador catarinense, Jorge Lacerda, e o deputado federal por Santa Catarina, Leoberto Leal.&nbsp;<\/p>\n\n\n<div class=\"wp-block-image\">\n<figure class=\"alignleft size-full\"><img decoding=\"async\" loading=\"lazy\" width=\"184\" height=\"274\" src=\"https:\/\/revidigital.ielusc.br\/wp-content\/uploads\/2022\/09\/download-44.jpg\" alt=\"\" class=\"wp-image-13029\"\/><figcaption class=\"wp-element-caption\">Foto oficial de Nereu Ramos como presidente do Brasil <\/figcaption><\/figure><\/div>\n\n\n<p>Al\u00e9m do pr\u00e9dio da Ipreville, a pra\u00e7a tem como fundo o Palacete Schlemm. Localizado entre as ruas do Pr\u00edncipe e Ger\u00f4nimo Coelho, \u00e9 outro grande cen\u00e1rio do lugar. Constru\u00eddo no final dos anos 20, por Jorge Schlemm, que inicialmente usava o pr\u00e9dio na \u00e1rea t\u00e9rreo como barbearia, casa de neg\u00f3cios e restaurante. Em 1990, a fam\u00edlia Schlemm, que ainda nos dias atuais \u00e9 dona do imovel, come\u00e7ou a reforma de restaura\u00e7\u00e3o, paralisada devido ao plano Collor. A \u00faltima tentativa de restauro foi encabe\u00e7ada pela tataraneta de Schlemm, Daniela Fritsche, em 2013, que procurou ajuda da prefeitura de Joinville. O impasse de restauro est\u00e1 com o Minist\u00e9rio da Cultura desde 2014.&nbsp;<\/p>\n\n\n\n<p>A charmosa fachada do palacete tem detalhes de relevos assinados pelo escultor alem\u00e3o Fritz Alt. Na face do pr\u00e9dio que fica para a rua do Pr\u00edncipe, est\u00e1 a cabe\u00e7a de Merc\u00fario e a data de 1930, j\u00e1 para o lado da Ger\u00f4nimo Coelho, h\u00e1 a representa\u00e7\u00e3o de Minerva, deusa romana da arte e o bras\u00e3o da fam\u00edlia.&nbsp;<\/p>\n\n\n\n<figure class=\"wp-block-image size-full\"><img decoding=\"async\" loading=\"lazy\" width=\"1280\" height=\"720\" src=\"https:\/\/revidigital.ielusc.br\/wp-content\/uploads\/2022\/09\/Palacete_Schlemm_Joinville_SC.jpg\" alt=\"\" class=\"wp-image-13031\"\/><figcaption class=\"wp-element-caption\">Palacete Schlemm &#8211; Foto: AN -NSC Comunica\u00e7\u00e3o <\/figcaption><\/figure>\n\n\n\n<p>Durante os anos, a pra\u00e7a foi se remodelando at\u00e9 chegar ao que conhece hoje. Houve a retirada da grama, diminui\u00e7\u00e3o de \u00e1rvores, a retirada do chafariz que ficava em frente a Ipreville, ainda na d\u00e9cada passada. Mas o que mais desconfigurou a pra\u00e7a foi as obras de amplia\u00e7\u00e3o da capacidade hidr\u00e1ulica do Rio Mathias, que iniciou ainda em 2014. O bra\u00e7o do Rio Cachoeira passa tamb\u00e9m pelas pra\u00e7as Dario Salles e da Bandeira e por consequ\u00eancia por baixo do Terminal Central. Isso foi a grande dor de cabe\u00e7a dos frequentadores e comerciantes locais. \u201cA gente estava t\u00e3o acostumado a vir jogar um domin\u00f3 com os amigos da regi\u00e3o e a&nbsp; demora da conclus\u00e3o da obra e abandono da pra\u00e7a me deixavam triste\u201d.], conta Alceu Avelino, aposentado de 72 anos. Al\u00e9m dele, os comerciantes tamb\u00e9m ficaram furiosos pela demora e a falta de uma data para fim das obras. \u201cAs pessoas simplesmente n\u00e3o vinham mais ao centro, principalmente na regi\u00e3o da pra\u00e7a, porque era intransit\u00e1vel tanto para os carros dos clientes como para andar a p\u00e9 em meio ao lama\u00e7al da obra do Rio Mathias.&nbsp; Isso quebrou muitos os comerciantes locais\u201d, comenta Daniela Rodrigues.&nbsp;<\/p>\n\n\n\n<figure class=\"wp-block-image size-full is-resized\"><img decoding=\"async\" loading=\"lazy\" src=\"https:\/\/revidigital.ielusc.br\/wp-content\/uploads\/2022\/09\/Mathias.jpg\" alt=\"\" class=\"wp-image-13032\" style=\"width:857px;height:570px\" width=\"857\" height=\"570\"\/><figcaption class=\"wp-element-caption\">A pra\u00e7a durante as obras do Rio Mathias &#8211; Foto: AN &#8211; NSC Comunica\u00e7\u00e3o <\/figcaption><\/figure>\n\n\n\n<p>Ap\u00f3s uma briga judicial, uma CPI e a cobran\u00e7a de comerciantes e dos desempregados dos com\u00e9rcios fechados, a prefeitura conseguiu uma liminar em abril de 2021, da Justi\u00e7a Federal.&nbsp; Com a libera\u00e7\u00e3o, a prefeitura iniciou o processo de recupera\u00e7\u00e3o das ruas e consequentemente das pra\u00e7as, outrora fechadas com tapumes e cheias de entulhos da obra.&nbsp;<\/p>\n\n\n\n<p>Todos os anos, durante o Festival de Dan\u00e7a de Joinville, a pra\u00e7a recebia um dos palcos abertos do evento, at\u00e9 2019. No ano passado, devido a pandemia do Coronav\u00edrus, a edi\u00e7\u00e3o 38\u00ba foi suspensa, voltando apenas esse ano, mas sem os tradicionais palcos nas pra\u00e7as, para evitar aglomera\u00e7\u00f5es. A professora de dan\u00e7a do Mato Grosso,&nbsp; Franciele Almeida, lembra que desde da edi\u00e7\u00e3o do festival de 2015, vinha&nbsp; \u00e0 pra\u00e7a Nereu Ramos para admirar a cultura e arte em espa\u00e7o p\u00fablico. \u201cPra mim \u00e9 importante trazer o festival para as pra\u00e7as, pois os turistas e participantes, assim como eu, podemos admirar melhor a hist\u00f3ria do lugar e as caracter\u00edsticas de Joinville e, at\u00e9 mesmo de Santa Catarina\u201d, conta a&nbsp; professora.&nbsp;<\/p>\n\n\n<div class=\"wp-block-image\">\n<figure class=\"alignleft size-full\"><img decoding=\"async\" loading=\"lazy\" width=\"264\" height=\"481\" src=\"https:\/\/revidigital.ielusc.br\/wp-content\/uploads\/2022\/09\/prof-mt-edited.jpg\" alt=\"\" class=\"wp-image-13033\"\/><figcaption class=\"wp-element-caption\">Professora de Dan\u00e7a do Mato Grosso, Franciele Almeida &#8211; Foto: Anderson Marques <\/figcaption><\/figure><\/div>\n\n\n<p><strong>Ainda precisa de melhorias<\/strong><\/p>\n\n\n\n<p>Mesmo com a reabertura da Nereu Ramos, vale lembrar que o espa\u00e7o precisa de melhorias e interven\u00e7\u00e3o da Secretaria da Agricultura e Meio-ambiente e maior monitoramento de seguran\u00e7a do espa\u00e7o e equipamentos&nbsp; dos usu\u00e1rios.&nbsp;<\/p>\n\n\n\n<p>Segundo a Prefeitura Municipal de Joinville, a pra\u00e7a come\u00e7ou a ser revitalizada no come\u00e7o desse ano com um cons\u00f3rcio de empresas. Sendo que j\u00e1 recebeu ajardinamento, lava\u00e7\u00e3o e&nbsp; nova pintura. Para ger\u00eancia respons\u00e1vel, a UPP (Unidade de Parques, Pra\u00e7as e Rearboriza\u00e7\u00e3o P\u00fablica), para mais investimentos no local, diz que est\u00e1 esperando a elabora\u00e7\u00e3o de projetos para a libera\u00e7\u00e3o de uma emenda parlamentar j\u00e1 aprovada de 150 mil reais para obras de revitaliza\u00e7\u00e3o. S\u00f3 depois disso, ser\u00e1 aberto o processo&nbsp; licitat\u00f3rio para uma empresa realizar as melhorias.<\/p>\n\n\n\n<p>Em rela\u00e7\u00e3o \u00e0 seguran\u00e7a da pra\u00e7a, a Prefeitura de Joinville diz contar com apoio da Guarda Municipal, agentes de tr\u00e2nsito do Departamento de Tr\u00e2nsito (DETRANS) e, tamb\u00e9m, da Pol\u00edcia Militar. Se algu\u00e9m da comunidade ver algum ato de vandalismo ou depreda\u00e7\u00e3o, poder\u00e1 denunciar pelo telefone 153.&nbsp;&nbsp;<\/p>\n","protected":false},"excerpt":{"rendered":"<p>Utilizada por quem passa na \u00e1rea central de Joinville, a pra\u00e7a \u00e9 uma das mais populares da cidade&nbsp; Uma das pra\u00e7as mais utilizadas pelos joinvilenses que v\u00e3o ao Centro e moradores da regi\u00e3o. Com a presen\u00e7a di\u00e1ria de pessoas que passam por ela para descansar em seus bancos ou simplesmente para jogar domin\u00f3 e cartas. [&hellip;]<\/p>\n","protected":false},"author":21,"featured_media":13027,"comment_status":"open","ping_status":"open","sticky":false,"template":"","format":"standard","meta":{"footnotes":""},"categories":[97,127],"tags":[],"_links":{"self":[{"href":"https:\/\/revidigital.ielusc.br\/index.php\/wp-json\/wp\/v2\/posts\/5890"}],"collection":[{"href":"https:\/\/revidigital.ielusc.br\/index.php\/wp-json\/wp\/v2\/posts"}],"about":[{"href":"https:\/\/revidigital.ielusc.br\/index.php\/wp-json\/wp\/v2\/types\/post"}],"author":[{"embeddable":true,"href":"https:\/\/revidigital.ielusc.br\/index.php\/wp-json\/wp\/v2\/users\/21"}],"replies":[{"embeddable":true,"href":"https:\/\/revidigital.ielusc.br\/index.php\/wp-json\/wp\/v2\/comments?post=5890"}],"version-history":[{"count":2,"href":"https:\/\/revidigital.ielusc.br\/index.php\/wp-json\/wp\/v2\/posts\/5890\/revisions"}],"predecessor-version":[{"id":15141,"href":"https:\/\/revidigital.ielusc.br\/index.php\/wp-json\/wp\/v2\/posts\/5890\/revisions\/15141"}],"wp:featuredmedia":[{"embeddable":true,"href":"https:\/\/revidigital.ielusc.br\/index.php\/wp-json\/wp\/v2\/media\/13027"}],"wp:attachment":[{"href":"https:\/\/revidigital.ielusc.br\/index.php\/wp-json\/wp\/v2\/media?parent=5890"}],"wp:term":[{"taxonomy":"category","embeddable":true,"href":"https:\/\/revidigital.ielusc.br\/index.php\/wp-json\/wp\/v2\/categories?post=5890"},{"taxonomy":"post_tag","embeddable":true,"href":"https:\/\/revidigital.ielusc.br\/index.php\/wp-json\/wp\/v2\/tags?post=5890"}],"curies":[{"name":"wp","href":"https:\/\/api.w.org\/{rel}","templated":true}]}}