{"id":6317,"date":"2022-04-07T17:16:19","date_gmt":"2022-04-07T20:16:19","guid":{"rendered":"http:\/\/revidigital.com.br\/?p=6317"},"modified":"2022-09-10T15:43:58","modified_gmt":"2022-09-10T18:43:58","slug":"ricardo-von-dorff-abre-primeira-noite-do-evento-jornalismo-muda-o-mundo","status":"publish","type":"post","link":"https:\/\/revidigital.ielusc.br\/index.php\/2022\/04\/07\/ricardo-von-dorff-abre-primeira-noite-do-evento-jornalismo-muda-o-mundo\/","title":{"rendered":"Ricardo Von Dorff abre primeira noite do evento Jornalismo Muda o Mundo"},"content":{"rendered":"\n<p>De 12 a 13 de abril ocorre a 7\u00aa edi\u00e7\u00e3o do Jornalismo Muda o Mundo (JMM). Este ano, o jornalista Ricardo Von Dorff, rep\u00f3rter no N\u00facleo Globo da NSC TV, \u00e9 o convidado da noite de abertura, com in\u00edcio marcado para \u00e0s 19h, no anfiteatro da Faculdade Ielusc. Egressos interessados em participar do evento devem preencher um formul\u00e1rio online (<a href=\"https:\/\/docs.google.com\/forms\/d\/e\/1FAIpQLSdYGNYHcbc2HY7yVC8YCpSw0oqGE2gHZvHUZ4ZJDHCi3Ssonw\/viewform\">clique aqui<\/a>).<\/p>\n\n\n\n<p>Ricardo \u00e9 ga\u00facho, formado em jornalismo h\u00e1 35 anos pela Unisinos (RS), traz em seu curr\u00edculo grandes coberturas e v\u00e1rios pr\u00eamios. Desde 2012, produz reportagens para o Globo Rep\u00f3rter. Atualmente, trabalha como rep\u00f3rter no N\u00facleo Globo da NSC TV. J\u00e1 cobriu acontecimentos hist\u00f3ricos em Santa Catarina, como a visita do Papa Jo\u00e3o Paulo II (1991), a enchente no Vale do Itaja\u00ed (2008) e a queda do avi\u00e3o da Chapecoense (2016). Al\u00e9m disso, recebeu o Pr\u00eamio FIESC de Jornalismo na categoria v\u00eddeo, em 2015; a Medalha Dakir Polidoro de Imprensa como profissional de TV; e o trof\u00e9u do Pr\u00eamio Acaert 2018, durante o Congresso Catarinense de R\u00e1dio e Televis\u00e3o, em Balne\u00e1rio Cambori\u00fa.<\/p>\n\n\n\n<p>O segundo dia de evento ter\u00e1 na programa\u00e7\u00e3o o lan\u00e7amento do \u201cPrimeira Hora Audiolab\u201d (projeto destinado \u00e0 elabora\u00e7\u00e3o de produtos de \u00e1udios por acad\u00eamicos). Al\u00e9m disso, o p\u00fablico ir\u00e1 prestigiar e conhecer a hist\u00f3ria de dois profissionais jornalistas. Um deles \u00e9 professor ou professora do curso, no quadro \u201cQuem \u00e9 o Jornalista?\u201d. J\u00e1 o \u201cSobrenome Ielusc\u201d ter\u00e1 um bate-papo com um egresso. Nesta edi\u00e7\u00e3o, o jornalista atua na editoria esportiva. A noite se encerra com o lan\u00e7amento do livro \u201cO nono poste da XV de Novembro\u201d, do egresso Herison Schorr.<\/p>\n\n\n\n<p>A 7\u00aa edi\u00e7\u00e3o do JMM est\u00e1 sendo organizada pela quinta fase do curso de Jornalismo, com apoio da professora Maiara Maduro que leciona a disciplina de Assessoria de Comunica\u00e7\u00e3o.<\/p>\n\n\n\n<p><strong>1\u00ba Primeiro Pr\u00eamio Jornalismo Muda o Mundo<\/strong><\/p>\n\n\n\n<p><a><\/a> A novidade desta edi\u00e7\u00e3o fica por conta do concurso de reportagem \u201cPr\u00eamio Jornalismo Muda o Mundo\u201d, que procura incentivar os futuros jornalistas a praticarem a escrita, al\u00e9m de valorizar e reconhecer a import\u00e2ncia do jornalismo na sociedade. Ao todo, 12 acad\u00eamicos est\u00e3o concorrendo, sendo que 19 reportagens foram inscritas. A divulga\u00e7\u00e3o dos resultados e entrega das premia\u00e7\u00f5es ser\u00e1 no dia 12 de abril, durante a primeira noite do evento.<\/p>\n","protected":false},"excerpt":{"rendered":"<p>De 12 a 13 de abril ocorre a 7\u00aa edi\u00e7\u00e3o do Jornalismo Muda o Mundo (JMM). Este ano, o jornalista Ricardo Von Dorff, rep\u00f3rter no N\u00facleo Globo da NSC TV, \u00e9 o convidado da noite de abertura, com in\u00edcio marcado para \u00e0s 19h, no anfiteatro da Faculdade Ielusc. Egressos interessados em participar do evento devem [&hellip;]<\/p>\n","protected":false},"author":1,"featured_media":12673,"comment_status":"open","ping_status":"open","sticky":false,"template":"","format":"standard","meta":{"footnotes":""},"categories":[78,24],"tags":[34,80],"_links":{"self":[{"href":"https:\/\/revidigital.ielusc.br\/index.php\/wp-json\/wp\/v2\/posts\/6317"}],"collection":[{"href":"https:\/\/revidigital.ielusc.br\/index.php\/wp-json\/wp\/v2\/posts"}],"about":[{"href":"https:\/\/revidigital.ielusc.br\/index.php\/wp-json\/wp\/v2\/types\/post"}],"author":[{"embeddable":true,"href":"https:\/\/revidigital.ielusc.br\/index.php\/wp-json\/wp\/v2\/users\/1"}],"replies":[{"embeddable":true,"href":"https:\/\/revidigital.ielusc.br\/index.php\/wp-json\/wp\/v2\/comments?post=6317"}],"version-history":[{"count":1,"href":"https:\/\/revidigital.ielusc.br\/index.php\/wp-json\/wp\/v2\/posts\/6317\/revisions"}],"predecessor-version":[{"id":12674,"href":"https:\/\/revidigital.ielusc.br\/index.php\/wp-json\/wp\/v2\/posts\/6317\/revisions\/12674"}],"wp:featuredmedia":[{"embeddable":true,"href":"https:\/\/revidigital.ielusc.br\/index.php\/wp-json\/wp\/v2\/media\/12673"}],"wp:attachment":[{"href":"https:\/\/revidigital.ielusc.br\/index.php\/wp-json\/wp\/v2\/media?parent=6317"}],"wp:term":[{"taxonomy":"category","embeddable":true,"href":"https:\/\/revidigital.ielusc.br\/index.php\/wp-json\/wp\/v2\/categories?post=6317"},{"taxonomy":"post_tag","embeddable":true,"href":"https:\/\/revidigital.ielusc.br\/index.php\/wp-json\/wp\/v2\/tags?post=6317"}],"curies":[{"name":"wp","href":"https:\/\/api.w.org\/{rel}","templated":true}]}}