{"id":6322,"date":"2022-04-11T16:12:55","date_gmt":"2022-04-11T19:12:55","guid":{"rendered":"http:\/\/revidigital.com.br\/?p=6322"},"modified":"2022-09-10T15:42:43","modified_gmt":"2022-09-10T18:42:43","slug":"artista-local-leiloa-obra-de-arte-para-beneficiar-instituicao","status":"publish","type":"post","link":"https:\/\/revidigital.ielusc.br\/index.php\/2022\/04\/11\/artista-local-leiloa-obra-de-arte-para-beneficiar-instituicao\/","title":{"rendered":"Artista local leiloa obra de arte para beneficiar institui\u00e7\u00e3o"},"content":{"rendered":"\n<p>A tela pintada ao vivo pelo artista visual Maur\u00edcio Giardino, beneficiar\u00e1 a Frada (Frente de A\u00e7\u00e3o Pelos Direitos Animais) de Joinville.<\/p>\n\n\n\n<p><em>Por Henrique Duarte<\/em><\/p>\n\n\n\n<p>No \u00faltimo s\u00e1bado (26) de mar\u00e7o, o artista visual Maur\u00edcio Giardino pintou um quadro ao vivo na Pra\u00e7a de Alimenta\u00e7\u00e3o do Garten Shopping. A obra do artista, ainda sem t\u00edtulo, est\u00e1 sendo leiloada no site: <a href=\"https:\/\/www.leiloeiro.online\/leilao\/58\/lotes?fbclid=IwAR0q0R1rGFgUHYRdjSwiQO8UhYXOntCYl-hSLWuCgfjOatjmelg_qx82oVo\">Leil\u00e3o de Arte Beneficente: Carstens Leiloeiros &#8211; Leil\u00f5es Judiciais e Extrajudiciais<\/a>. O maior lance dado at\u00e9 ter\u00e7a-feira, dia 12, leva a obra.&nbsp;&nbsp;&nbsp;<\/p>\n\n\n\n<p>O valor arrecadado ser\u00e1 repassado para a Frada, da qual o artista \u00e9 um grande parceiro h\u00e1 anos. \u201cSempre busquei ajudar os animais com comida, abrigo e at\u00e9 como lar tempor\u00e1rio. Ao longo dos anos, ajudei a encontrar um lar para algumas dezenas de cachorros abandonados\u201d, ressaltou o artista.<\/p>\n\n\n<div class=\"wp-block-image\">\n<figure class=\"aligncenter size-full\"><img decoding=\"async\" loading=\"lazy\" width=\"945\" height=\"942\" src=\"https:\/\/revidigital.ielusc.br\/wp-content\/uploads\/2022\/09\/277339352_720280472321446_5386102766791645539_n.jpg\" alt=\"\" class=\"wp-image-12668\" srcset=\"https:\/\/revidigital.ielusc.br\/wp-content\/uploads\/2022\/09\/277339352_720280472321446_5386102766791645539_n.jpg 945w, https:\/\/revidigital.ielusc.br\/wp-content\/uploads\/2022\/09\/277339352_720280472321446_5386102766791645539_n-150x150.jpg 150w\" sizes=\"(max-width: 945px) 100vw, 945px\" \/><figcaption><sup>Foto: Arquivo assessoria<\/sup><\/figcaption><\/figure><\/div>\n\n\n<p>Al\u00e9m disso, o artista sempre buscou iniciativas para contribuir com a institui\u00e7\u00e3o. Maur\u00edcio conta que anteriormente fazia \u201cflash day\u201d (dias de tatuagens r\u00e1pidas), no qual todo dinheiro tamb\u00e9m era revertido para a Frada. Por\u00e9m, com a pandemia e o distanciamento social, o projeto foi interrompido. Assim, surgiu a ideia de leiloar o quadro.<\/p>\n\n\n\n<p><strong>FRADA &#8211; Frente de A\u00e7\u00e3o Pelos Direitos Animais. <\/strong>&nbsp;<\/p>\n\n\n\n<p>A frada \u00e9 uma associa\u00e7\u00e3o sem fins lucrativos que age em defesa dos direitos animais, bem como na preserva\u00e7\u00e3o do meio ambiente. A atual presidente \u00e9 Liliane Lovato. Esta organiza\u00e7\u00e3o atua principalmente na conscientiza\u00e7\u00e3o atrav\u00e9s de: &#8211; Campanhas educativas. &#8211; Eventos de confraterniza\u00e7\u00e3o envolvendo a comunidade. &#8211; Representa\u00e7\u00e3o dos animais em ju\u00edzo e Ativismo Digital. Al\u00e9m disso, mostra que uma cidade s\u00f3 \u00e9 saud\u00e1vel quando todos os seus integrantes est\u00e3o saud\u00e1veis &#8211; estes, englobam tanto os seres humanos, quanto os animais e o meio ambiente.&nbsp;&nbsp;<\/p>\n\n\n\n<p><strong>O ARTISTA&nbsp;&nbsp;<\/strong><\/p>\n\n\n\n<p>Maur\u00edcio Machado Cardoso nasceu em S\u00e3o Francisco do Sul, mas foi criado em Joinville. Desde muito cedo a arte teve grande influ\u00eancia na sua vida. Aos tr\u00eas anos de idade j\u00e1 havia feito in\u00fameros desenhos e aos seis pintava panos de prato e telas. Logo na adolesc\u00eancia estudou design gr\u00e1fico e ganhou alguns concursos de HQs pelo Brasil. \u00c9 autodidata e todo seu conhecimento veio de tentativas e erros. J\u00e1 utilizou aquarela, nanquim, pastel seco e oleoso e tinta acr\u00edlica, mas sua verdadeira paix\u00e3o \u00e9 pintar com tinta \u00f3leo.&nbsp;&nbsp;<\/p>\n\n\n\n<p>Maur\u00edcio conta que seu processo criativo \u00e9 muito simples: \u201cUma boa garrafa de vinho e bastante m\u00fasica servem para me inspirar\u201d. Para a obra pintada ao vivo, foi tudo criado na hora, sem refer\u00eancia nem esbo\u00e7o inicial, deixando-se levar apenas pelo momento, movido pelas emo\u00e7\u00f5es.&nbsp;<\/p>\n\n\n\n<blockquote class=\"wp-block-quote\"><p>\u201cMinha inspira\u00e7\u00e3o vem, na maioria das vezes, dos sentimentos. Acompanho muitos artistas pl\u00e1sticos, mas tamb\u00e9m gosto de observar grandes nomes da pintura e assim desenvolver novas formas de criar. Trabalho como tatuador na cidade de Joinville h\u00e1 pouco mais de oito anos, fazendo artes exclusivas e autorais. Tenho por objetivo evoluir minha arte, seja na pele ou na tela, levando a minha interpreta\u00e7\u00e3o do mundo a outras pessoas\u201d, ressalta o artista. <\/p><\/blockquote>\n\n\n\n<p>Para o futuro, o artista quer continuar aperfei\u00e7oando t\u00e9cnicas para expor em outras regi\u00f5es do Brasil e quem sabe at\u00e9 fora.&nbsp;<\/p>\n\n\n<div class=\"wp-block-image\">\n<figure class=\"aligncenter size-full\"><img decoding=\"async\" loading=\"lazy\" width=\"600\" height=\"800\" src=\"https:\/\/revidigital.ielusc.br\/wp-content\/uploads\/2022\/09\/277314715_1172312033577614_8516253243039967082_n.jpg\" alt=\"\" class=\"wp-image-12670\"\/><figcaption><sup>Obra sem t\u00edtulo&nbsp;<br>Tamanho: 100 X 70&nbsp;<br>T\u00e9cnica: Giz pastel oleoso sobre duplex&nbsp;<br>Valor m\u00ednimo de lance da obra: R$ 2.000,00<\/sup><\/figcaption><\/figure><\/div>","protected":false},"excerpt":{"rendered":"<p>A tela pintada ao vivo pelo artista visual Maur\u00edcio Giardino, beneficiar\u00e1 a Frada (Frente de A\u00e7\u00e3o Pelos Direitos Animais) de Joinville. Por Henrique Duarte No \u00faltimo s\u00e1bado (26) de mar\u00e7o, o artista visual Maur\u00edcio Giardino pintou um quadro ao vivo na Pra\u00e7a de Alimenta\u00e7\u00e3o do Garten Shopping. A obra do artista, ainda sem t\u00edtulo, est\u00e1 [&hellip;]<\/p>\n","protected":false},"author":19,"featured_media":12667,"comment_status":"open","ping_status":"open","sticky":false,"template":"","format":"standard","meta":{"footnotes":""},"categories":[88],"tags":[269,1302,1474],"_links":{"self":[{"href":"https:\/\/revidigital.ielusc.br\/index.php\/wp-json\/wp\/v2\/posts\/6322"}],"collection":[{"href":"https:\/\/revidigital.ielusc.br\/index.php\/wp-json\/wp\/v2\/posts"}],"about":[{"href":"https:\/\/revidigital.ielusc.br\/index.php\/wp-json\/wp\/v2\/types\/post"}],"author":[{"embeddable":true,"href":"https:\/\/revidigital.ielusc.br\/index.php\/wp-json\/wp\/v2\/users\/19"}],"replies":[{"embeddable":true,"href":"https:\/\/revidigital.ielusc.br\/index.php\/wp-json\/wp\/v2\/comments?post=6322"}],"version-history":[{"count":1,"href":"https:\/\/revidigital.ielusc.br\/index.php\/wp-json\/wp\/v2\/posts\/6322\/revisions"}],"predecessor-version":[{"id":12671,"href":"https:\/\/revidigital.ielusc.br\/index.php\/wp-json\/wp\/v2\/posts\/6322\/revisions\/12671"}],"wp:featuredmedia":[{"embeddable":true,"href":"https:\/\/revidigital.ielusc.br\/index.php\/wp-json\/wp\/v2\/media\/12667"}],"wp:attachment":[{"href":"https:\/\/revidigital.ielusc.br\/index.php\/wp-json\/wp\/v2\/media?parent=6322"}],"wp:term":[{"taxonomy":"category","embeddable":true,"href":"https:\/\/revidigital.ielusc.br\/index.php\/wp-json\/wp\/v2\/categories?post=6322"},{"taxonomy":"post_tag","embeddable":true,"href":"https:\/\/revidigital.ielusc.br\/index.php\/wp-json\/wp\/v2\/tags?post=6322"}],"curies":[{"name":"wp","href":"https:\/\/api.w.org\/{rel}","templated":true}]}}