{"id":6333,"date":"2022-04-12T15:49:31","date_gmt":"2022-04-12T18:49:31","guid":{"rendered":"http:\/\/revidigital.com.br\/?p=6333"},"modified":"2022-09-10T15:41:08","modified_gmt":"2022-09-10T18:41:08","slug":"desgraca-da-boa-em-joinville","status":"publish","type":"post","link":"https:\/\/revidigital.ielusc.br\/index.php\/2022\/04\/12\/desgraca-da-boa-em-joinville\/","title":{"rendered":"Desgra\u00e7a da boa em Joinville"},"content":{"rendered":"\n<p><em>Por Fagner Ramos (Eferamos)<\/em><\/p>\n\n\n\n<p>Artistas, p\u00fablico, organizadores n\u00e3o h\u00e1 quem estivesse ansioso por um grande evento de rock em Joinville ap\u00f3s o hiato causado pela pandemia. O evento <em>Desgra\u00e7a Pouca \u00e9 Bobagem<\/em> que ocorreu no \u00faltimo dia 26, trouxe a Joinville as bandas locais de Heavy Metal <em>Zoombie Cookbook<\/em> e <em>Battalion<\/em>, na Yelo Stage.&nbsp;&nbsp;<\/p>\n\n\n<div class=\"wp-block-image\">\n<figure class=\"aligncenter size-full\"><img decoding=\"async\" loading=\"lazy\" width=\"1024\" height=\"768\" src=\"https:\/\/revidigital.ielusc.br\/wp-content\/uploads\/2022\/09\/eu-e-banda-GANGRENA.jpeg\" alt=\"\" class=\"wp-image-12660\"\/><figcaption><sup>Fagner Ramos e Banda Gangrena Gasosa <\/sup><\/figcaption><\/figure><\/div>\n\n\n<p>Um pouco antes, abrindo os trabalhos, a banda Repudiyo, de Curitiba, mandou um som mais pesado, numa pegada trash com grind e posicionamento pol\u00edtico aflorado. Sim, n\u00e3o foi s\u00f3 no Lollapalooza que o \u201cFora Bolsonaro\u201d era o grito mais hypado do momento. Aqui tamb\u00e9m foi entoado por diversas vezes, e bem recebido pelo p\u00fablico.<\/p>\n\n\n\n<p>Bandas do eixo Rio-S\u00e3o Paulo como Gangrena Gasosa e Test, nomes importantes do cen\u00e1rio underground nacional foram os headliners da noite, fazendo jus ao destaque dado pela produ\u00e7\u00e3o do evento. Uma delas, veterana com mais de 30 anos de estrada, com um estilo todo pr\u00f3prio.<\/p>\n\n\n\n<p>Come\u00e7amos pelo duo paulistano da Test, uma banda com 12 anos de forma\u00e7\u00e3o, que j\u00e1 percorreu quase todo o pa\u00eds no melhor estilo do <em>it Yourself<\/em>, tocando onde d\u00e3o espa\u00e7o. Os primeiros shows da Test ficaram famosos, pois a banda ia de Kombi \u2014 por isso o pseud\u00f4nimo do guitarrista da banda Test \u00e9, Jo\u00e3o Kombi \u2014, para portas de shows mainstream em est\u00e1dios, montavam toda a aparelhagem, e faziam ali mesmo o som. Conversando com o baterista Barata, ele relata a saudade de voltar a fazer este tipo de show em SP, visto que em outros estados os shows s\u00e3o em festivais, bares e casas noturnas. Com um grind sujo e experimental, bem tocado, com instrumentos \u00fanicos e vocais gritados, a banda foi destaque da noite, arrancando aplausos, queixos ca\u00eddos, e coment\u00e1rios da plateia sobre o quanto os caras s\u00e3o criativos. E s\u00e3o apenas dois em cima do palco.<\/p>\n\n\n<div class=\"wp-block-image\">\n<figure class=\"aligncenter size-full\"><img decoding=\"async\" loading=\"lazy\" width=\"766\" height=\"766\" src=\"https:\/\/revidigital.ielusc.br\/wp-content\/uploads\/2022\/09\/Joao_BANDA-TEST.jpeg\" alt=\"\" class=\"wp-image-12662\" srcset=\"https:\/\/revidigital.ielusc.br\/wp-content\/uploads\/2022\/09\/Joao_BANDA-TEST.jpeg 766w, https:\/\/revidigital.ielusc.br\/wp-content\/uploads\/2022\/09\/Joao_BANDA-TEST-150x150.jpeg 150w\" sizes=\"(max-width: 766px) 100vw, 766px\" \/><figcaption><sup>Jo\u00e3o Kombi &#8211; Banda Test | Foto: Fagner Ramos (Eferamos)<\/sup><\/figcaption><\/figure><\/div>\n\n\n<p>J\u00e1 a outra banda s\u00e3o os cariocas do \u201cGangrena Gasosa\u201d. Eles tocam um Sarav\u00e1 Metal (Metal com ritmos derivados dos rituais Africanos) muito bem-feito, divertido, letras que te colocam dentro do universo das religi\u00f5es de matrizes africanas, como o Candombl\u00e9 e a Umbanda, misturando o protesto e o sarcasmo carioca. O Gangrena n\u00e3o s\u00f3 entrega a qualidade sonora, mas tamb\u00e9m toda a performance teatral, onde os integrantes se vestem com entidades das religi\u00f5es e executam um rock calcado no Trash Metal, Crossover e letras em portugu\u00eas. Temos o Z\u00e9 Pelintra e o Omul\u00fa nos Vocais (\u00c2ngelo e Davi), Exu Caveira na guitarra (Murakami), Tranca Rua no baixo (Diego Padilha), Exu Tiriri na batera (Alex Porto), e a Pomba Gira na percuss\u00e3o (G\u00ea Vasconcelos) imprimindo o batuque dos terreiros.<\/p>\n\n\n<div class=\"wp-block-image\">\n<figure class=\"aligncenter size-full\"><img decoding=\"async\" loading=\"lazy\" width=\"766\" height=\"767\" src=\"https:\/\/revidigital.ielusc.br\/wp-content\/uploads\/2022\/09\/Angelo_BANDA-Gangrena.jpeg\" alt=\"\" class=\"wp-image-12663\" srcset=\"https:\/\/revidigital.ielusc.br\/wp-content\/uploads\/2022\/09\/Angelo_BANDA-Gangrena.jpeg 766w, https:\/\/revidigital.ielusc.br\/wp-content\/uploads\/2022\/09\/Angelo_BANDA-Gangrena-150x150.jpeg 150w\" sizes=\"(max-width: 766px) 100vw, 766px\" \/><figcaption><sup>\u00c2ngelo &#8211; Banda Gangrena Gasosa | Foto: Fagner Ramos (Eferamos)<\/sup><\/figcaption><\/figure><\/div>\n\n\n<p>Com um show competente, calcado em todos os cl\u00e1ssicos da banda e nos \u00faltimos trabalhos, como o disco lan\u00e7ado em 2018, intitulado <a href=\"https:\/\/pt.wikipedia.org\/wiki\/Gente_Ruim_S%C3%B3_Manda_Lembran%C3%A7a_pra_Quem_N%C3%A3o_Presta\">\u201cGente Ruim S\u00f3 Manda Lembran\u00e7a Pra Quem N\u00e3o Presta\u201d<\/a>, e m\u00fasicas do EP Kizila, lan\u00e7ado em 2020, a plateia pulou, abriu roda e cantou m\u00fasicas como \u201cEncosto\u201d, \u201cEu n\u00e3o Entendi Matrix\u201d e \u201cSe Deus \u00e9 10, Satan\u00e1s \u00e9 666\u201d. L\u00f3gico que ocorreram alguns percal\u00e7os no meio do caminho como falhas aqui e acol\u00e1 nos equipamentos da casa, mas quem est\u00e1 na caminhada underground, sabe que isso pode vir a ocorrer, por\u00e9m o show foi&nbsp; entregue, o p\u00fablico aplaudiu, e sa\u00edram felizes, e com muita farinha de despacho no corpo. Sim, isso tamb\u00e9m faz parte do show.<\/p>\n\n\n\n<h2 class=\"wp-block-heading\">Entrevista com a Banda Test e Gangrena Gasosa:<\/h2>\n\n\n\n<p><strong>Revi: Como est\u00e1 sendo a receptividade do p\u00fablico nessa turn\u00ea pelo sul do pa\u00eds?&nbsp;<\/strong><\/p>\n\n\n\n<p><strong>Thiago Barata (Baterista da Test):<\/strong> \u00c9 at\u00e9 dif\u00edcil dizer, porque est\u00e1 sendo muito foda. Come\u00e7amos em Jaragu\u00e1 do Sul, descendo at\u00e9 o Rio Grande, depois fomos para Santa Maria, Iju\u00ed, Estrela e terminamos nossa turn\u00ea em Porto Alegre. Agora nos juntamos com a banda Gangrena fazendo quatro shows: Florian\u00f3polis, Pomerode, Joinville e Curitiba. Impressionante a receptividade de todo mundo e o qu\u00e3o bom est\u00e1 sendo os shows. J\u00e1 avisamos a todos que em mar\u00e7o do ano que vem (2023) estaremos de volta.<\/p>\n\n\n<div class=\"wp-block-image\">\n<figure class=\"aligncenter size-full\"><img decoding=\"async\" loading=\"lazy\" width=\"766\" height=\"766\" src=\"https:\/\/revidigital.ielusc.br\/wp-content\/uploads\/2022\/09\/Barata_BANDA_Test.jpeg\" alt=\"\" class=\"wp-image-12664\" srcset=\"https:\/\/revidigital.ielusc.br\/wp-content\/uploads\/2022\/09\/Barata_BANDA_Test.jpeg 766w, https:\/\/revidigital.ielusc.br\/wp-content\/uploads\/2022\/09\/Barata_BANDA_Test-150x150.jpeg 150w\" sizes=\"(max-width: 766px) 100vw, 766px\" \/><figcaption><sup>Thiago Barata &#8211; Banda Test | Foto: Fagner Ramos (Eferamos)<\/sup><\/figcaption><\/figure><\/div>\n\n\n<p><strong>Revi: Os shows ocorreram no estilo antigo de chegar e montar a aparelhagem em qualquer lugar, ou est\u00e1 sendo mais em casas noturnas?&nbsp;<\/strong><\/p>\n\n\n\n<p><strong>Thiago:<\/strong> Aqui no Sul n\u00e3o, mas em SP (S\u00e3o Paulo) n\u00f3s fazemos os dois. Na rua faz um tempo que n\u00e3o fazemos nada, at\u00e9 porque curtimos abrir shows de bandas que gostamos. Colocamos as coisas na frente e sa\u00edmos tocando. Mas nestes \u00faltimos anos, sempre que vinha alguma banda legal, j\u00e1 t\u00ednhamos shows marcados em outro lugar. Estava at\u00e9 conversando com o Jo\u00e3o que precisamos retomar esse esquema, pois a \u00faltima vez foi com a King Diamond, quando abrimos o show para eles, e depois tocamos do lado de fora. No Sul, os shows est\u00e3o sendo todos em casas noturnas, bares ou em est\u00fadios. Nosso plano para o ano que vem \u00e9 tocar no Chu\u00ed, provavelmente na rua, s\u00f3 para dizer que tocamos l\u00e1. Vamos ver se rola.<\/p>\n\n\n\n<p><strong>Revi: Chegaram tocar no Oiapoque?<\/strong><\/p>\n\n\n\n<p><strong>Thiago:<\/strong> Ainda n\u00e3o, (risos). O \u00fanico estado que n\u00e3o tocamos ainda no Brasil foi Roraima. Mas temos planos, estamos loucos para tocar l\u00e1.<\/p>\n\n\n\n<p><strong>Revi: Mais de 12 anos de banda, o que motiva voc\u00eas a estarem nesse caminho?<\/strong><\/p>\n\n\n\n<p><strong>Thiago:<\/strong> \u00c9 a coisa que mais gostamos de fazer. Eu ainda gosto de fazer outras coisas, andar de bicicleta, outros rol\u00eas, mas o Jo\u00e3o eu sei que ele gosta s\u00f3 disso. Apesar de gostar de outras coisas, estar na estrada conhecendo lugares e pessoas novas, tendo uma vida meio n\u00f4made, me agrada muito. Ver lugares diferentes, conhecer pessoas com realidades diferentes da minha, isso \u00e9 muito bom. Mesmo assim, estando em v\u00e1rios lugares distantes, ainda me deparo com pessoas com os mesmos gostos musicais que o meu, isso \u00e9 bem interessante.<\/p>\n\n\n\n<p><strong>Revi: Sobre o trabalho que voc\u00eas fizeram como <em>Big Band<\/em>. Alguma pretens\u00e3o de retomar isso em algum momento, ou at\u00e9 mesmo excursionar e fazer shows deste tipo?<\/strong><\/p>\n\n\n\n<p><strong>Thiago:<\/strong> Estamos pensando em fazer com a <em>Big Band<\/em>, mas com outros integrantes e num formato reduzido. Para viajar fica complicado, infelizmente. Quem sabe se um festival chamasse a gente ou com apoio da prefeitura para rolar. Queremos fazer e mostrar as coisas diferentes que fazemos, mas \u00e9 dif\u00edcil, por causa do custo e quantidade de gente.<\/p>\n\n\n\n<p><strong>Revi: Algum projeto novo, visto que em 2021 voc\u00eas lan\u00e7aram \u201cO Jogo Humano&#8221; e &#8220;Beautiful Day\u201d?<\/strong><\/p>\n\n\n\n<p><strong>Thiago:<\/strong> \u201cO Jogo Humano\u201d saiu em 2019 num disco completo em 12 polegadas, mas fizemos v\u00e1rias vers\u00f5es.&nbsp; No Bandcamp ele est\u00e1 desta forma, por exemplo, saiu um disco com 54 m\u00fasicas, cada uma com uma palavra diferente e com outras montagens. Ao inv\u00e9s de ser as m\u00fasicas separadas, as m\u00fasicas acabam formando frases e dividindo eles em vers\u00f5es diferentes de cada disco. D\u00e1 para entender melhor indo no Bandcamp da banda.<\/p>\n\n\n\n<p><strong>Revi: Algo novo para sair este ano?<\/strong><\/p>\n\n\n\n<p><strong>Thiago:<\/strong> Sim, gravamos o disco e vai se chamar \u201cDISCO NORMAL&#8221;. J\u00e1 temos camiseta da capa, mas o disco est\u00e1 em processo de mixagem e vai sair ainda este ano. Gravamos parte em est\u00fadio e parte na rua, ent\u00e3o na mixagem o Jo\u00e3o vai juntar as duas grava\u00e7\u00f5es. Por exemplo, pode haver faixa que a bateria da rua pode ter sa\u00eddo melhor que a bateria do est\u00fadio, ent\u00e3o provavelmente ela ser\u00e1 usada, intercalando grava\u00e7\u00f5es de est\u00fadio e rua. Junto do disco, vai sair um document\u00e1rio todo esse processo de grava\u00e7\u00e3o, e nossa ideia \u00e9 exibir em v\u00e1rias cidades diferentes. Estamos em conversas com algumas pessoas do Sul para ver onde podemos lan\u00e7ar e fazer as exibi\u00e7\u00f5es.<\/p>\n\n\n\n<p><strong>Revi: Show fora do pa\u00eds?<\/strong><\/p>\n\n\n\n<p><strong>Thiago:<\/strong> Vai rolar shows no EUA em agosto e setembro a princ\u00edpio. E em mar\u00e7o de 2023 estamos de volta ao Sul do Brasil de novo.<\/p>\n\n\n\n<p><strong>Revi: Como est\u00e1 a turn\u00ea pelo sul do pa\u00eds (mais precisamente Santa Catarina), e a receptividade do p\u00fablico?<\/strong><\/p>\n\n\n\n<p><strong>\u00c2ngelo Arede (Vocalista da Gangrena):<\/strong> Rapaz, t\u00e1 sendo incr\u00edvel, a gente aqui no Sul, a gente s\u00f3 tem as melhores experi\u00eancias, n\u00e9? N\u00f3s viemos no Armagedom de que ano? 2019, t\u00e1 a\u00ed o Cl\u00f3vis que n\u00e3o me deixa mentir. Em 2019 n\u00f3s tivemos aqui, e j\u00e1 foi incr\u00edvel tamb\u00e9m, e cara e agora a gente t\u00e1 aqui de volta, n\u00e9? Com a Xaninho Discos e com a Mosh Productions e enfim, junto ali com a galera tamb\u00e9m envolvida, n\u00e9? A galera do tamb\u00e9m Fernando Zimmermann e tal, e cara, t\u00e1 sendo incr\u00edvel, recep\u00e7\u00e3o \u00f3tima, tratamento melhor ainda, tudo certinho, tudo nos trinques, e o pessoal comparecendo em peso.<\/p>\n\n\n\n<p><strong>Revi: Joinville \u00e9 uma cidade bastante conservadora, religiosa, reduto militar e bolsonarista. Voc\u00eas sentem ou se preocupam com esse lado conservador, at\u00e9 pela tem\u00e1tica da banda ser de uma religi\u00e3o com bastante preconceito?<\/strong><\/p>\n\n\n\n<p><strong>\u00c2ngelo Arede:<\/strong> &nbsp;Cara, assim, j\u00e1 come\u00e7a que se a gente tivesse medo a gente nem se vestia de entidade. Ent\u00e3o j\u00e1 come\u00e7a por a\u00ed. N\u00e3o vai ser meia d\u00fazia de facho, bunda rachada que vai fazer com que a gente mude qualquer coisa que a gente queira fazer, sacou? Ent\u00e3o assim, n\u00f3s sabemos que existe essa fatia, n\u00e9? Essa fatia da popula\u00e7\u00e3o que verdade n\u00e3o \u00e9 s\u00f3 aqui n\u00e3o bicho, \u00e9 no Brasil inteiro. \u00d3 pra voc\u00ea ver esse lixo que est\u00e1 vestindo l\u00e1 a faixa em Bras\u00edlia, esse lixo \u00e9 do Rio de Janeiro n\u00e9 velho? Ent\u00e3o o Rio de Janeiro \u00e9 assim, \u00e9 metade dominada por traficante, metade dominada pela mil\u00edcia. Ent\u00e3o, velho, \u00e9 assim em todo lugar, n\u00e3o \u00e9 s\u00f3 no Sul que isso acontece n\u00e3o. Ent\u00e3o, cara, a gente vem, e a gente vem na maior, bicho. A gente vem na maior, n\u00e3o tem essa n\u00e3o. na maior, se eles t\u00eam o direito de existir, que n\u00e3o deveriam nem ter, se eles t\u00eam o direito de existir, eles v\u00e3o ter que segurar essa pemba a\u00ed, v\u00e3o ter que aguentar a gente por um tempo ainda.<\/p>\n\n\n\n<p>Revi: A banda conta com mais de 30 anos e lan\u00e7ou o \u00faltimo \u00e1lbum em 2018 (Gente Ruim&#8230;.), um EP Kizila em 2020. Tem algum \u00e1lbum novo sendo feito ou algum projeto para comemorar essa data emblem\u00e1tica?<\/p>\n\n\n\n<p><strong>\u00c2ngelo Arede:<\/strong> Estamos sim meu irm\u00e3o, estamos sim. A gente lan\u00e7ou o \u201cGente Ruim\u201d em 2018 e a\u00ed n\u00f3s excursionamos em todas as regi\u00f5es do Brasil, n\u00e9? 2018, 2019, quando em 2020 a gente chegou e \u00e9 agora!! \u00c9 agora esse momento, vamos soltar aqui, soltamos logo um EP como voc\u00ea falou. Agora a gente est\u00e1 na porra como se fosse no pique Anitta, sacou? A gente est\u00e1 pegando, est\u00e1 lan\u00e7ando o clipe, agora \u00e9 s\u00f3 ir pra cima. J\u00e1 com outras m\u00fasicas preparadas tamb\u00e9m, n\u00e9? S\u00f3 que a gente acabou tendo que lidar com a pandemia, logo depois que n\u00f3s lan\u00e7amos o EP mais ou menos ali na \u00e9poca do Carnaval de 2020, n\u00e9? E achamos que seria o \u00faltimo Carnaval da humanidade, bicho. Mas tudo deu certo e a gente t\u00e1 a\u00ed de volta, cara. Esse ano a gente deve lan\u00e7ar o disco novo da Gangrena Gasosa, a n\u00e3o ser que os Exus tenham uma outra configura\u00e7\u00e3o guardada pra gente. J\u00e1 estamos trabalhando nele.<\/p>\n\n\n\n<p><strong>Revi: A banda tem um respeito dentro da cena nacional, mas 30 anos no underground tr\u00e1s qual sentimento para a banda? O que motiva ainda a continuar?<\/strong><\/p>\n\n\n\n<p><strong>\u00c2ngelo Arede:<\/strong> &nbsp;S\u00f3 vale, irm\u00e3o, s\u00f3 vale. \u00c9 claro que vale. E cara, eu acho que a \u00fanica resposta, a \u00fanica n\u00e3o, mas eu acho que a resposta mais expressiva para isso \u00e9 que a gente \u00e9 teimoso. Ent\u00e3o assim, eu sou teimoso, rap\u00e1. A gente segue com altos e baixos, j\u00e1 tivemos altos e baixos esses anos todos, n\u00e9? \u00c9 entre troca de forma\u00e7\u00e3o, enfim, entre todas as dificuldades que qualquer banda underground tem, n\u00e9? N\u00f3s conseguimos ali segurar essa marimba at\u00e9 o final e cara, \u00e9 natural, bicho. \u00c9 o que todo mundo que t\u00e1 aqui tocando na Gangrena Gasosa hoje sabe que nasceu pra fazer. Ent\u00e3o \u00e9 bem natural.<\/p>\n\n\n\n<p><strong>Revi: Como anda o relacionamento com os antigos integrantes do Gangrena, visto que em algum momento eles entraram com uma a\u00e7\u00e3o contra voc\u00eas pelo nome da banda? Eles se apresentam como se fossem uma banda cover deles mesmos? Est\u00e3o tranquilos quanto a isso?<\/strong><\/p>\n\n\n\n<p><strong>\u00c2ngelo Arede:<\/strong> &nbsp;\u00c9. Rapaz, na verdade assim, eu n\u00e3o tenho muita vontade de falar de quem n\u00e3o gosta de mim, eu gosto de falar de quem gosta de mim. A \u00fanica coisa que eu tenho a dizer sobre isso \u00e9 o seguinte: O nome \u00e9 registrado, entendeu? N\u00e3o tem choro nem vela, nem fita amarela, e lugar de chorar \u00e9 na cama quentinha. Ent\u00e3o que v\u00e1 chorar na cama quentinha que perdeu cara. Perdeu, num tem essa, s\u00f3 isso, s\u00f3 isso. Eu t\u00f4 falando isso c\u00ea sabe por qu\u00ea? T\u00f4 falando isso s\u00f3 por conta do nome, porque cara, eu estou na Gangrena desde 1994, n\u00e9? E o pessoal foi saindo, ent\u00e3o eu fico pensando, ser\u00e1 que de repente vai acontecer alguma coisa? Ser\u00e1 que vai mudar? N\u00e3o vai mudar nada. Aqui \u00e9 o \u201cDura Lex Sed Lex\u201d. Firme e forte, pode vir, pode vir, que n\u00e3o tem essa n\u00e3o, e tem que chorar na cama que \u00e9 um lugar quente.<\/p>\n\n\n\n<p><strong>Revi: Voc\u00ea (Davi) foi uma parte integrante muito importante da banda. Como \u00e9 que est\u00e1 neste lugar?<\/strong><\/p>\n\n\n\n<p><strong>Davi Sterminium (Omul\u00fa):<\/strong> Est\u00e1 sendo bom pra caramba. Eu acho que o Omul\u00fa \u00e9 um orix\u00e1 totalmente importante pra religi\u00e3o, n\u00e9? \u00c9 o orix\u00e1 da vida, da morte. Ent\u00e3o tem tudo a ver com a banda, sabe? Sobre os Exus, as entidades, a Kalunga que representa o Omolu, n\u00e9? E t\u00e1 sendo bacana pra caramba, s\u00f3 gratifica\u00e7\u00e3o total.<\/p>\n\n\n<div class=\"wp-block-image\">\n<figure class=\"aligncenter size-full\"><img decoding=\"async\" loading=\"lazy\" width=\"766\" height=\"766\" src=\"https:\/\/revidigital.ielusc.br\/wp-content\/uploads\/2022\/09\/Omulu_BANDA-Gangrena.jpeg\" alt=\"\" class=\"wp-image-12665\" srcset=\"https:\/\/revidigital.ielusc.br\/wp-content\/uploads\/2022\/09\/Omulu_BANDA-Gangrena.jpeg 766w, https:\/\/revidigital.ielusc.br\/wp-content\/uploads\/2022\/09\/Omulu_BANDA-Gangrena-150x150.jpeg 150w\" sizes=\"(max-width: 766px) 100vw, 766px\" \/><figcaption><sup>Omul\u00fa banda Gangrena Gasosa | Foto: Fagner Ramos (Eferamos)<\/sup><\/figcaption><\/figure><\/div>\n\n\n<p><strong>Revi: A religi\u00e3o faz parte de fato da banda? Os integrantes a seguem? Ou ficou na tem\u00e1tica e na parte teatral?<\/strong><\/p>\n\n\n\n<p><strong>\u00c2ngelo Arede:<\/strong> \u00c9. Sim. \u00c9 representa\u00e7\u00e3o. O que a gente faz no palco \u00e9 uma representa\u00e7\u00e3o dos arqu\u00e9tipos da umbanda e do candombl\u00e9, n\u00e3o tem nada ritual\u00edstico, sacou? \u00c9 s\u00f3 pra trazer pra dentro do Heavy Metal essa coisa do ocultismo, n\u00e9? Trazer uma refer\u00eancia brasileira. E assim, eu no caso posso falar por n\u00f3s dois, n\u00e9? Que estamos aqui falando com voc\u00ea. Eu cresci no candombl\u00e9 porque minha m\u00e3e \u00e9 m\u00e3e de santo do, entendeu? Ent\u00e3o a minha inf\u00e2ncia j\u00e1 foi dentro do terreiro. E agora o Davi que entrou, o Davi \u00e9 Ogan, entendeu? Ent\u00e3o \u00e9 muito importante, porque a Gangrena Gasosa \u00e9 aquilo. Representa Exu, mas n\u00e3o \u00e9 ritual\u00edstico. S\u00f3 que a gente acaba entrando dentro do mundo de Exu de tantas formas\u2026 Por exemplo, Exu ele fala s\u00e9rio rindo. Rindo ele fala s\u00e9rio. E \u00e9 o que a gente faz, n\u00f3s n\u00e3o temos nenhuma pretens\u00e3o de ser uma banda gospel, n\u00e9? Mas apesar disso n\u00f3s agimos como Exu, a gente fala da coisa s\u00e9ria brincando, entendeu? Ent\u00e3o \u00e9 isso, a interpreta\u00e7\u00e3o \u00e9 essa, bicho.<\/p>\n\n\n\n<p><strong>Revi: \u00c2ngelo, e o trabalho de cartunista e ilustrador? Caminha junto com a banda? Ou um sobrep\u00f5e o outro?<\/strong><\/p>\n\n\n\n<p><strong>\u00c2ngelo Arede:<\/strong> &nbsp;\u00c9 rapaz, o que acontece \u00e9 que na pandemia acabou todo o mercado de entretenimento, n\u00e9? O mercado art\u00edstico. Ent\u00e3o assim, t\u00e1 beleza, ainda trabalhei, fiz alguns trabalhos durante a pandemia. S\u00f3 que \u00e9 aquilo, a pandemia meio que deu uma trava em tudo que n\u00e3o era servi\u00e7o essencial pra voc\u00ea comer e pra voc\u00ea viver. Apesar de que voc\u00ea come, voc\u00ea dorme, voc\u00ea mora, mas pra voc\u00ea aguentar a sua vida (e na pandemia isso ficou bem claro), voc\u00ea precisa de arte.&nbsp;<\/p>\n\n\n\n<p>Ent\u00e3o de qualquer forma ningu\u00e9m que estava na pandemia aguentaria sem arte, vivendo s\u00f3 com seu carro novinho. N\u00e3o \u00e9 isso? Quem estava na pandemia estava l\u00e1 consumindo sua Netflix. Estava l\u00e1 consumindo livros que s\u00e3o pra n\u00e3o pirar dentro de casa, n\u00e9, bicho? Mas assim, a produ\u00e7\u00e3o de novos trabalhos no meio de entretenimento ficou bem dif\u00edcil, n\u00e9 cara? Se bem que agora j\u00e1 est\u00e1 normalizando, n\u00e9? Num t\u00e1 cem por cento, mas t\u00e1 normalizando, e quanto ao que eu fa\u00e7o na galeria e o que eu fa\u00e7o com o meu trabalho de ilustrador\u2026 Cara isso tudo se cruza, n\u00e9? Porque eu acabo fazendo as capas dos discos, eu acabo fazendo o site. Uhum. Ent\u00e3o acabo fazendo merchandise da banda, n\u00e9?! Cuidando das redes sociais. Ent\u00e3o isso tudo acaba sendo um crossmedia, uma coisa vai permeando a outra, assim chega um ponto que uma coisa n\u00e3o existe sem a outra entendeu?<\/p>\n\n\n\n<h3 class=\"wp-block-heading\">Siga nas Redes Sociais: <\/h3>\n\n\n\n<p><a href=\"https:\/\/www.instagram.com\/gangrenagasosa\/\n\">https:\/\/www.instagram.com\/gangrenagasosa\/<br><\/a><a href=\"https:\/\/www.instagram.com\/test_death\/\n\">https:\/\/www.instagram.com\/test_death\/<br><\/a><a href=\"https:\/\/www.instagram.com\/repudiyo\/\n\">https:\/\/www.instagram.com\/repudiyo\/<br><\/a><a href=\"https:\/\/www.instagram.com\/zombiecookbook\/\n\">https:\/\/www.instagram.com\/zombiecookbook\/<br><\/a><a href=\"https:\/\/www.instagram.com\/battalionmetalband\/\">https:\/\/www.instagram.com\/battalionmetalband\/<\/a><\/p>\n","protected":false},"excerpt":{"rendered":"<p>Por Fagner Ramos (Eferamos) Artistas, p\u00fablico, organizadores n\u00e3o h\u00e1 quem estivesse ansioso por um grande evento de rock em Joinville ap\u00f3s o hiato causado pela pandemia. O evento Desgra\u00e7a Pouca \u00e9 Bobagem que ocorreu no \u00faltimo dia 26, trouxe a Joinville as bandas locais de Heavy Metal Zoombie Cookbook e Battalion, na Yelo Stage.&nbsp;&nbsp; Um [&hellip;]<\/p>\n","protected":false},"author":1,"featured_media":12659,"comment_status":"open","ping_status":"open","sticky":false,"template":"","format":"standard","meta":{"footnotes":""},"categories":[14,88],"tags":[1475,1476,1477],"_links":{"self":[{"href":"https:\/\/revidigital.ielusc.br\/index.php\/wp-json\/wp\/v2\/posts\/6333"}],"collection":[{"href":"https:\/\/revidigital.ielusc.br\/index.php\/wp-json\/wp\/v2\/posts"}],"about":[{"href":"https:\/\/revidigital.ielusc.br\/index.php\/wp-json\/wp\/v2\/types\/post"}],"author":[{"embeddable":true,"href":"https:\/\/revidigital.ielusc.br\/index.php\/wp-json\/wp\/v2\/users\/1"}],"replies":[{"embeddable":true,"href":"https:\/\/revidigital.ielusc.br\/index.php\/wp-json\/wp\/v2\/comments?post=6333"}],"version-history":[{"count":1,"href":"https:\/\/revidigital.ielusc.br\/index.php\/wp-json\/wp\/v2\/posts\/6333\/revisions"}],"predecessor-version":[{"id":12666,"href":"https:\/\/revidigital.ielusc.br\/index.php\/wp-json\/wp\/v2\/posts\/6333\/revisions\/12666"}],"wp:featuredmedia":[{"embeddable":true,"href":"https:\/\/revidigital.ielusc.br\/index.php\/wp-json\/wp\/v2\/media\/12659"}],"wp:attachment":[{"href":"https:\/\/revidigital.ielusc.br\/index.php\/wp-json\/wp\/v2\/media?parent=6333"}],"wp:term":[{"taxonomy":"category","embeddable":true,"href":"https:\/\/revidigital.ielusc.br\/index.php\/wp-json\/wp\/v2\/categories?post=6333"},{"taxonomy":"post_tag","embeddable":true,"href":"https:\/\/revidigital.ielusc.br\/index.php\/wp-json\/wp\/v2\/tags?post=6333"}],"curies":[{"name":"wp","href":"https:\/\/api.w.org\/{rel}","templated":true}]}}