{"id":6350,"date":"2022-04-13T17:26:12","date_gmt":"2022-04-13T20:26:12","guid":{"rendered":"http:\/\/revidigital.com.br\/?p=6350"},"modified":"2022-09-10T15:38:07","modified_gmt":"2022-09-10T18:38:07","slug":"reporter-da-globo-abre-jornalismo-muda-o-mundo","status":"publish","type":"post","link":"https:\/\/revidigital.ielusc.br\/index.php\/2022\/04\/13\/reporter-da-globo-abre-jornalismo-muda-o-mundo\/","title":{"rendered":"Rep\u00f3rter da Globo abre Jornalismo Muda o Mundo"},"content":{"rendered":"\n<p>A 7\u00aa edi\u00e7\u00e3o do Jornalismo Muda o Mundo come\u00e7ou na noite desta ter\u00e7a-feira (12) no anfiteatro da Faculdade Ielusc. Foi o primeiro JMM presencial ap\u00f3s o in\u00edcio da pandemia de Covid-19. O evento teve um bate-papo com o rep\u00f3rter da Globo, Ricardo Von Dorff, al\u00e9m da participa\u00e7\u00e3o de acad\u00eamicos, egressos e professores. Outra atra\u00e7\u00e3o foi o an\u00fancio do resultado do \u201c 1\u00ba Pr\u00eamio Jornalismo Muda o Mundo\u201d, concurso interno.<\/p>\n\n\n<div class=\"wp-block-image\">\n<figure class=\"aligncenter size-full\"><img decoding=\"async\" loading=\"lazy\" width=\"1024\" height=\"575\" src=\"https:\/\/revidigital.ielusc.br\/wp-content\/uploads\/2022\/09\/IMG_2223-1024x575-1.jpg\" alt=\"\" class=\"wp-image-12652\"\/><figcaption><sup>Foto: Gabriel Quesada<\/sup><\/figcaption><\/figure><\/div>\n\n\n<p>O pontap\u00e9 inicial do JMM foi dado por Ricardo Von Dorff, que traz em seu curr\u00edculo grandes coberturas e in\u00fameros pr\u00eamios. O jornalista, que tem inspira\u00e7\u00f5es como Marcelo Canellas, S\u00f4nia Bridi e Ernesto Paglia, relatou que come\u00e7ou a trajet\u00f3ria em um curso de forma\u00e7\u00e3o da RBS por seis meses.<\/p>\n\n\n\n<p>Depois desse per\u00edodo, Von Dorff conta que percebeu atrav\u00e9s de feedbacks positivos, que tinha facilidade em formatar uma reportagem e apresentar fluidez na forma de escrever o texto. Esses fatores deram confian\u00e7a para perceber o jornalismo como sua voca\u00e7\u00e3o.<\/p>\n\n\n\n<p>Durante a noite, Ricardo comentou sobre algumas das coberturas que participou na carreira. Uma delas foi a trag\u00e9dia do Vale do Itaja\u00ed, quando 135 pessoas morreram no desastre natural. Ele passou sete dias fora de casa e teve que presenciar cenas marcantes, como um pai cavando a lama para encontrar o corpo do pr\u00f3prio filho. Ricardo afirma que foi necess\u00e1rio segurar as emo\u00e7\u00f5es, mas quando a cobertura acabou, n\u00e3o conseguiu resistir, &#8220;Chorei quando cheguei em casa, pois passei o tempo todo reportando da forma mais objetiva, segurando a onda&#8221;, revela.<\/p>\n\n\n<div class=\"wp-block-image\">\n<figure class=\"aligncenter size-full\"><img decoding=\"async\" loading=\"lazy\" width=\"1024\" height=\"575\" src=\"https:\/\/revidigital.ielusc.br\/wp-content\/uploads\/2022\/09\/IMG_2257-1024x575-1.jpg\" alt=\"\" class=\"wp-image-12654\"\/><figcaption><sup> Foto: Gabriel Quesada <\/sup><\/figcaption><\/figure><\/div>\n\n\n<p>Al\u00e9m de relatar as experi\u00eancias vividas em 35 anos de jornalismo, Ricardo refor\u00e7ou a import\u00e2ncia do jornalismo para a democracia, alegando que \u00e9 preciso enxergar a profiss\u00e3o como uma for\u00e7a civilizat\u00f3ria. &#8220;\u00c9 iluminar o que t\u00e1 escuro, vigiar o poder, dar voz pra quem n\u00e3o tem voz e melhorar a comunidade onde a gente vive&#8221;, afirma.<\/p>\n\n\n\n<h2 class=\"wp-block-heading\"><strong>1\u00ba Pr\u00eamio Jornalismo Muda o Mundo; conhe\u00e7a os vencedores<\/strong><\/h2>\n\n\n\n<p>Ap\u00f3s o bate-papo com Ricardo, o p\u00fablico conheceu os vencedores do \u201c1\u00ba Pr\u00eamio Jornalismo Muda o Mundo\u201d. Ao todo, 12 acad\u00eamicos concorreram, sendo que 19 reportagens foram enviadas para avalia\u00e7\u00e3o. As produ\u00e7\u00f5es foram avaliadas por uma comiss\u00e3o julgadora formada por docentes da Faculdade Ielusc.<\/p>\n\n\n\n<p>O 1\u00ba lugar foi conquistado por T\u00e1rsila Laiani Elbert, com a reportagem &#8220;O outro lado da ponte&#8221;, escrita em 2019 para a disciplina de Jornal Laborat\u00f3rio 1. T\u00e1rsila ganhou como pr\u00eamio ingressos de uma caravana para um programa de audit\u00f3rio e um curso de ingl\u00eas.<\/p>\n\n\n<div class=\"wp-block-image\">\n<figure class=\"aligncenter size-full\"><img decoding=\"async\" loading=\"lazy\" width=\"1024\" height=\"575\" src=\"https:\/\/revidigital.ielusc.br\/wp-content\/uploads\/2022\/09\/IMG_2290-1024x575-1.jpg\" alt=\"\" class=\"wp-image-12655\"\/><figcaption><sup>Foto: Gabriel Quesada<\/sup><\/figcaption><\/figure><\/div>\n\n\n<p>Com a reportagem &#8220;A\u00e7\u00e3o do homem na natureza deixa Joinville submersa&#8221;, escrita em 2021 para a disciplina de Jornalismo Impresso 3, Marcelo Henrique Antunes do Amaral conquistou o 2\u00ba lugar. O aluno ganhou um curso de ingl\u00eas, um kit caf\u00e9 e um par de ingressos de cinema.<\/p>\n\n\n<div class=\"wp-block-image\">\n<figure class=\"aligncenter size-full\"><img decoding=\"async\" loading=\"lazy\" width=\"1024\" height=\"575\" src=\"https:\/\/revidigital.ielusc.br\/wp-content\/uploads\/2022\/09\/IMG_2287-1024x575-1.jpg\" alt=\"\" class=\"wp-image-12656\"\/><figcaption><sup> Foto: Gabriel Quesada <\/sup><\/figcaption><\/figure><\/div>\n\n\n<p>Fechando o p\u00f3dio, Lucas Matheus de Borba garantiu o 3\u00ba lugar com a reportagem &#8220;Entidades atuam na ressocializa\u00e7\u00e3o de detentos em Joinville&#8221;, escrita para o jornal Primeira Pauta, em 2019. Ele recebeu um curso de ingl\u00eas, um kit caf\u00e9 e um combo hamb\u00farguer.<\/p>\n\n\n<div class=\"wp-block-image\">\n<figure class=\"aligncenter size-full\"><img decoding=\"async\" loading=\"lazy\" width=\"1024\" height=\"575\" src=\"https:\/\/revidigital.ielusc.br\/wp-content\/uploads\/2022\/09\/IMG_2285-1024x575-1.jpg\" alt=\"\" class=\"wp-image-12657\"\/><figcaption><sup> Foto: Gabriel Quesada <\/sup><\/figcaption><\/figure><\/div>\n\n\n<h3 class=\"wp-block-heading\"><strong>Segunda dia de evento ter\u00e1 lan\u00e7amentos de projeto e livro<\/strong><\/h3>\n\n\n\n<p>Nesta quarta-feira (13), JMM continua com o lan\u00e7amento do \u201cPrimeira Hora Audiolab\u201d, um projeto destinado \u00e0 elabora\u00e7\u00e3o de produtos de \u00e1udios por acad\u00eamicos. Al\u00e9m disso, o p\u00fablico ir\u00e1 prestigiar e conhecer a hist\u00f3ria de dois profissionais jornalistas. Um deles \u00e9 professor ou professora do curso, no quadro \u201cQuem \u00e9 o Jornalista?\u201d. J\u00e1 o \u201cSobrenome Ielusc\u201d ter\u00e1 um bate-papo com um egresso. Nesta edi\u00e7\u00e3o, o jornalista atua na editoria esportiva. A noite se encerra com o lan\u00e7amento do livro \u201cO nono poste da XV de Novembro\u201d, do egresso Herison Schorr.<\/p>\n","protected":false},"excerpt":{"rendered":"<p>A 7\u00aa edi\u00e7\u00e3o do Jornalismo Muda o Mundo come\u00e7ou na noite desta ter\u00e7a-feira (12) no anfiteatro da Faculdade Ielusc. Foi o primeiro JMM presencial ap\u00f3s o in\u00edcio da pandemia de Covid-19. O evento teve um bate-papo com o rep\u00f3rter da Globo, Ricardo Von Dorff, al\u00e9m da participa\u00e7\u00e3o de acad\u00eamicos, egressos e professores. Outra atra\u00e7\u00e3o foi [&hellip;]<\/p>\n","protected":false},"author":1,"featured_media":12651,"comment_status":"open","ping_status":"open","sticky":false,"template":"","format":"standard","meta":{"footnotes":""},"categories":[78,24],"tags":[57,34,80,1478],"_links":{"self":[{"href":"https:\/\/revidigital.ielusc.br\/index.php\/wp-json\/wp\/v2\/posts\/6350"}],"collection":[{"href":"https:\/\/revidigital.ielusc.br\/index.php\/wp-json\/wp\/v2\/posts"}],"about":[{"href":"https:\/\/revidigital.ielusc.br\/index.php\/wp-json\/wp\/v2\/types\/post"}],"author":[{"embeddable":true,"href":"https:\/\/revidigital.ielusc.br\/index.php\/wp-json\/wp\/v2\/users\/1"}],"replies":[{"embeddable":true,"href":"https:\/\/revidigital.ielusc.br\/index.php\/wp-json\/wp\/v2\/comments?post=6350"}],"version-history":[{"count":1,"href":"https:\/\/revidigital.ielusc.br\/index.php\/wp-json\/wp\/v2\/posts\/6350\/revisions"}],"predecessor-version":[{"id":12658,"href":"https:\/\/revidigital.ielusc.br\/index.php\/wp-json\/wp\/v2\/posts\/6350\/revisions\/12658"}],"wp:featuredmedia":[{"embeddable":true,"href":"https:\/\/revidigital.ielusc.br\/index.php\/wp-json\/wp\/v2\/media\/12651"}],"wp:attachment":[{"href":"https:\/\/revidigital.ielusc.br\/index.php\/wp-json\/wp\/v2\/media?parent=6350"}],"wp:term":[{"taxonomy":"category","embeddable":true,"href":"https:\/\/revidigital.ielusc.br\/index.php\/wp-json\/wp\/v2\/categories?post=6350"},{"taxonomy":"post_tag","embeddable":true,"href":"https:\/\/revidigital.ielusc.br\/index.php\/wp-json\/wp\/v2\/tags?post=6350"}],"curies":[{"name":"wp","href":"https:\/\/api.w.org\/{rel}","templated":true}]}}