{"id":6360,"date":"2022-04-14T18:25:03","date_gmt":"2022-04-14T21:25:03","guid":{"rendered":"http:\/\/revidigital.com.br\/?p=6360"},"modified":"2022-09-10T15:36:11","modified_gmt":"2022-09-10T18:36:11","slug":"fala-racista-durante-eleicao-de-conselho-e-repudiada-nas-redes-sociais","status":"publish","type":"post","link":"https:\/\/revidigital.ielusc.br\/index.php\/2022\/04\/14\/fala-racista-durante-eleicao-de-conselho-e-repudiada-nas-redes-sociais\/","title":{"rendered":"Fala racista durante elei\u00e7\u00e3o de conselho \u00e9 repudiada nas redes sociais"},"content":{"rendered":"\n<p><em>A artista conhecida como Amazona MC est\u00e1 abrindo um boletim de ocorr\u00eancia na Pol\u00edcia Civil<\/em>.<\/p>\n\n\n\n<p>Por Henrique Duarte<\/p>\n\n\n\n<p>Durante a elei\u00e7\u00e3o do Conselho Municipal de Pol\u00edtica Cultural, realizado online na noite desta quarta-feira (13), falas racistas contra a artista local Amazona MC foram proferidas supostamente por uma servidora municipal. O caso foi denunciado via Instagram do Movimento Negro Maria Laura de Joinville.<\/p>\n\n\n\n<p>Em v\u00eddeo divulgado pelo perfil, fica expl\u00edcito as falas em tom discriminat\u00f3rio contra a artista, candidata ao cargo de suplente da \u00e1rea de patrim\u00f4nio imaterial. <a href=\"https:\/\/www.instagram.com\/reel\/CcVVtR2jDXr\/?igshid=YmMyMTA2M2Y=\">Veja os trechos na \u00edntegra<\/a>:<\/p>\n\n\n<div class=\"wp-block-image\">\n<figure class=\"aligncenter size-full\"><img decoding=\"async\" loading=\"lazy\" width=\"672\" height=\"409\" src=\"https:\/\/revidigital.ielusc.br\/wp-content\/uploads\/2022\/09\/asdfasdfas.png\" alt=\"\" class=\"wp-image-12649\"\/><figcaption><sup>Reprodu\u00e7\u00e3o Internet<\/sup><\/figcaption><\/figure><\/div>\n\n\n<p>Gabriela dos Santos Batista, 22 anos, conhecida como Amazona MC relatou que est\u00e1 abrindo um boletim de ocorr\u00eancia na Pol\u00edcia Civil.&nbsp;<\/p>\n\n\n\n<blockquote class=\"wp-block-quote\"><p>&#8220;A \u00fanica coisa que eu quero \u00e9 dist\u00e2ncia de pessoas como tal de qualquer envolvimento com a cultura, pois quem faz distin\u00e7\u00e3o ou inj\u00farias sobre algu\u00e9m que desconhece, n\u00e3o deve trabalhar diretamente com pessoas da sociedade\u201d, afirma a artista.<\/p><\/blockquote>\n\n\n\n<p>A artista lamenta ter passado por esta ocasi\u00e3o, refor\u00e7ando que, um momento que deveria ser de alegria pelo cargo conquistado, terminou em constrangimento e tirou o m\u00e9rito do trabalho dela em meio a sociedade. <\/p>\n\n\n\n<blockquote class=\"wp-block-quote\"><p>&#8220;Gostaria de uma retrata\u00e7\u00e3o p\u00fablica e, no m\u00ednimo, o afastamento da tal&#8221;, completa Amazona.&nbsp;&nbsp;&nbsp;&nbsp;<\/p><\/blockquote>\n\n\n\n<p>Segundo Celiane Neitsch, conselheira suplente de forma\u00e7\u00e3o e cultura, at\u00e9 o fechamento desta mat\u00e9ria, \u00e0s 17h desta quinta-feira (15), o conselho n\u00e3o convocou nenhuma reuni\u00e3o de emerg\u00eancia para tratar o caso. Celiane ressalta que houve discuss\u00f5es e mensagens de rep\u00fadio via grupo do WhatsApp. \u201cAt\u00e9 o presente momento nada de efetivo foi feito por parte do conselho para discutir essa situa\u00e7\u00e3o\u201d, afirma a conselheira.&nbsp;<\/p>\n\n\n\n<p>Celiane revela que \u00e9 comum o ambiente hostil e preconceituoso nas reuni\u00f5es do CMPC. \u201cA forma\u00e7\u00e3o atual do CMPC, em sua pluralidade de pensamentos, tem falas homof\u00f3bicas, racistas e que se abst\u00e9m de determinadas ocasi\u00f5es discrimin\u00e1torias&#8221;, ressalta.<\/p>\n\n\n\n<p>Nas redes sociais, a rapper se manifestou lamentando o ocorrido:&nbsp;<\/p>\n\n\n\n<figure class=\"wp-block-embed is-type-rich is-provider-twitter wp-block-embed-twitter\"><div class=\"wp-block-embed__wrapper\">\n<blockquote class=\"twitter-tweet\" data-width=\"550\" data-dnt=\"true\"><p lang=\"pt\" dir=\"ltr\">Ontem, fui eleita Conselheira da Cultura de Patrim\u00f4nio Imaterial de Joinville, e na live, foram feitos coment\u00e1rios racistas e inj\u00farias sobre mim, por uma representante do pr\u00f3prio Conselho. Lament\u00e1vel ter que passar por isso mais uma vez, lament\u00e1vel! <a href=\"https:\/\/t.co\/JPUoGVhVqX\">pic.twitter.com\/JPUoGVhVqX<\/a><\/p>&mdash; BadGal (@MCAMAZONA) <a href=\"https:\/\/twitter.com\/MCAMAZONA\/status\/1514621025555681287?ref_src=twsrc%5Etfw\">April 14, 2022<\/a><\/blockquote><script async src=\"https:\/\/platform.twitter.com\/widgets.js\" charset=\"utf-8\"><\/script>\n<\/div><\/figure>\n\n\n\n<p>A Secretaria de Comunica\u00e7\u00e3o de Joinville (SECOM) justificou o caso, afirmando que \u201cA Prefeitura de Joinville e a Secretaria de Cultura e Turismo repudiam qualquer tipo de conduta discriminat\u00f3ria e refor\u00e7am o compromisso com o respeito e com a igualdade entre as pessoas\u201d. Veja a nota de esclarecimento:&nbsp;<\/p>\n\n\n\n<p><em>\u201cNa noite de quarta-feira (13\/4), a Prefeitura de Joinville tomou conhecimento que durante o F\u00f3rum Setorial de Patrim\u00f4nio Imaterial, reuni\u00e3o online do Conselho Municipal de Pol\u00edtica Cultural (CMPC), houve um coment\u00e1rio de tom discriminat\u00f3rio supostamente proferido por uma servidora municipal.<\/em><\/p>\n\n\n\n<p><em>Ap\u00f3s ter acesso \u00e0 grava\u00e7\u00e3o da referida reuni\u00e3o, a Secretaria de Cultura e Turismo (Secult) encaminhou para a Controladoria-geral do Munic\u00edpio uma Comunica\u00e7\u00e3o de Infra\u00e7\u00e3o Disciplinar, para que seja iniciada a sindic\u00e2ncia do caso, objetivando a aplica\u00e7\u00e3o das medidas cab\u00edveis.<\/em><\/p>\n\n\n\n<p><em>Ainda na quinta-feira (14\/4), de forma preventiva, a Secult editou uma Portaria retirando a indica\u00e7\u00e3o da servidora das atividades junto ao CMPC e indicou um novo representante para a fun\u00e7\u00e3o.<\/em><\/p>\n\n\n\n<p><em>A Prefeitura de Joinville e a Secretaria de Cultura e Turismo repudiam qualquer tipo de conduta discriminat\u00f3ria e refor\u00e7am o compromisso com o respeito e com a igualdade entre as pessoas.\u201d<\/em><\/p>\n","protected":false},"excerpt":{"rendered":"<p>A artista conhecida como Amazona MC est\u00e1 abrindo um boletim de ocorr\u00eancia na Pol\u00edcia Civil. Por Henrique Duarte Durante a elei\u00e7\u00e3o do Conselho Municipal de Pol\u00edtica Cultural, realizado online na noite desta quarta-feira (13), falas racistas contra a artista local Amazona MC foram proferidas supostamente por uma servidora municipal. O caso foi denunciado via Instagram [&hellip;]<\/p>\n","protected":false},"author":19,"featured_media":12648,"comment_status":"open","ping_status":"open","sticky":false,"template":"","format":"standard","meta":{"footnotes":""},"categories":[97,188],"tags":[1479,251],"_links":{"self":[{"href":"https:\/\/revidigital.ielusc.br\/index.php\/wp-json\/wp\/v2\/posts\/6360"}],"collection":[{"href":"https:\/\/revidigital.ielusc.br\/index.php\/wp-json\/wp\/v2\/posts"}],"about":[{"href":"https:\/\/revidigital.ielusc.br\/index.php\/wp-json\/wp\/v2\/types\/post"}],"author":[{"embeddable":true,"href":"https:\/\/revidigital.ielusc.br\/index.php\/wp-json\/wp\/v2\/users\/19"}],"replies":[{"embeddable":true,"href":"https:\/\/revidigital.ielusc.br\/index.php\/wp-json\/wp\/v2\/comments?post=6360"}],"version-history":[{"count":1,"href":"https:\/\/revidigital.ielusc.br\/index.php\/wp-json\/wp\/v2\/posts\/6360\/revisions"}],"predecessor-version":[{"id":12650,"href":"https:\/\/revidigital.ielusc.br\/index.php\/wp-json\/wp\/v2\/posts\/6360\/revisions\/12650"}],"wp:featuredmedia":[{"embeddable":true,"href":"https:\/\/revidigital.ielusc.br\/index.php\/wp-json\/wp\/v2\/media\/12648"}],"wp:attachment":[{"href":"https:\/\/revidigital.ielusc.br\/index.php\/wp-json\/wp\/v2\/media?parent=6360"}],"wp:term":[{"taxonomy":"category","embeddable":true,"href":"https:\/\/revidigital.ielusc.br\/index.php\/wp-json\/wp\/v2\/categories?post=6360"},{"taxonomy":"post_tag","embeddable":true,"href":"https:\/\/revidigital.ielusc.br\/index.php\/wp-json\/wp\/v2\/tags?post=6360"}],"curies":[{"name":"wp","href":"https:\/\/api.w.org\/{rel}","templated":true}]}}