{"id":6440,"date":"2022-05-04T14:51:21","date_gmt":"2022-05-04T17:51:21","guid":{"rendered":"http:\/\/revidigital.com.br\/?p=6440"},"modified":"2022-09-10T15:22:58","modified_gmt":"2022-09-10T18:22:58","slug":"hoje-e-o-ultimo-dia-para-regularizar-o-titulo-de-eleitor-para-as-eleicoes-2022","status":"publish","type":"post","link":"https:\/\/revidigital.ielusc.br\/index.php\/2022\/05\/04\/hoje-e-o-ultimo-dia-para-regularizar-o-titulo-de-eleitor-para-as-eleicoes-2022\/","title":{"rendered":"Hoje \u00e9 o \u00faltimo dia para regularizar o t\u00edtulo de eleitor para as elei\u00e7\u00f5es 2022"},"content":{"rendered":"\n<p>A popula\u00e7\u00e3o tem at\u00e9 <strong>hoje<\/strong> (4) de maio para regularizar a situa\u00e7\u00e3o com a Justi\u00e7a Eleitoral. Posteriormente, quem tiver pend\u00eancias, n\u00e3o estar\u00e1 apto para votar nas elei\u00e7\u00f5es no final de ano. Em 2022 ser\u00e3o definidos os cargos de presidente da Rep\u00fablica, governadores, senadores e deputados federais e estaduais.&nbsp;<\/p>\n\n\n\n<p>Quem precisa acertar pend\u00eancias e multas de aus\u00eancias passadas, deve aproveitar a data. Isso tamb\u00e9m serve para aqueles que n\u00e3o votaram em tr\u00eas elei\u00e7\u00f5es seguidas e tiveram o t\u00edtulo cancelado.<\/p>\n\n\n\n<p>O dia 4 de maio \u00e9 limite para outros procedimentos:<\/p>\n\n\n\n<ul><li>Solicita\u00e7\u00e3o da primeira via do t\u00edtulo (para quem votar\u00e1 pela primeira vez);<\/li><li>Transfer\u00eancia de domic\u00edlio eleitoral e revis\u00e3o de dados eleitorais (como a inclus\u00e3o de nome social ou a mudan\u00e7a no local de vota\u00e7\u00e3o dentro do munic\u00edpio).&nbsp;<\/li><\/ul>\n\n\n\n<p>Para eleitores brasileiros que moram no exterior, a data tamb\u00e9m encerra o prazo para altera\u00e7\u00e3o de dados, regulariza\u00e7\u00e3o e transfer\u00eancia do t\u00edtulo.<\/p>\n\n\n\n<p>O processo de regulariza\u00e7\u00e3o pode ser feito pela internet, por meio do sistema T\u00edtulo Net.<\/p>\n\n\n\n<p>De 5 de maio at\u00e9 o final da elei\u00e7\u00e3o, o cadastro eleitoral ficar\u00e1 fechado e nenhuma altera\u00e7\u00e3o poder\u00e1 ser efetuada no registro do eleitor. O \u00fanico procedimento permitido \u00e9 a emiss\u00e3o da segunda via do t\u00edtulo, at\u00e9 dez dias antes do primeiro turno das elei\u00e7\u00f5es (marcado para 2 de outubro).<\/p>\n\n\n\n<p><strong>Passo a passo para regularizar o t\u00edtulo de eleitor:<\/strong><\/p>\n\n\n\n<p>O eleitor precisa acessar o portal do TSE (Tribunal Superior Eleitoral) e preencher os dados para verificar se o seu t\u00edtulo est\u00e1 regular. \u00c9 s\u00f3 clicar na p\u00e1gina inicial do site, em \u201cSitua\u00e7\u00e3o Eleitoral\u201d. A consulta pode ser feita com nome completo, n\u00famero do t\u00edtulo de eleitor ou CPF.<\/p>\n\n\n\n<p>Outro caminho pr\u00e1tico para essa verifica\u00e7\u00e3o \u00e9 por meio do aplicativo e-T\u00edtulo, que tamb\u00e9m \u00e9 v\u00e1lido como um t\u00edtulo eleitoral digital e est\u00e1 dispon\u00edvel gratuitamente.<\/p>\n\n\n\n<p>Caso haja algum d\u00e9bito, o eleitor precisa gerar a Guia de Recolhimento da Uni\u00e3o (GRU) e fazer o pagamento. O pr\u00f3ximo passo \u00e9 aguardar a identifica\u00e7\u00e3o da quita\u00e7\u00e3o pela Justi\u00e7a Eleitoral e o registro na inscri\u00e7\u00e3o pela zona eleitoral onde for inscrito.<\/p>\n\n\n\n<p>Depois da checagem sobre sua situa\u00e7\u00e3o eleitoral, o eleitor precisa reunir os dados que ser\u00e3o fornecidos ao Tribunal Regional Eleitoral (TRE) do estado correspondente. O procedimento \u00e9 feito pela internet.<\/p>\n\n\n\n<p><strong>Pode ser necess\u00e1rio digitalizar ou tirar fotos de alguns documentos:<\/strong><\/p>\n\n\n\n<ul><li>Documento oficial de identidade com foto;<\/li><li>Comprovante de resid\u00eancia recente;<\/li><li>Comprovante de pagamento de d\u00e9bito com a Justi\u00e7a Eleitoral (quando houver);<\/li><li>Certificado de quita\u00e7\u00e3o de servi\u00e7o militar (para homens com idade entre 18 e 45 anos).<\/li><li>O requerimento ser\u00e1 conclu\u00eddo ap\u00f3s an\u00e1lise das informa\u00e7\u00f5es prestadas e dos documentos apresentados.&nbsp;<\/li><\/ul>\n","protected":false},"excerpt":{"rendered":"<p>A popula\u00e7\u00e3o tem at\u00e9 hoje (4) de maio para regularizar a situa\u00e7\u00e3o com a Justi\u00e7a Eleitoral. Posteriormente, quem tiver pend\u00eancias, n\u00e3o estar\u00e1 apto para votar nas elei\u00e7\u00f5es no final de ano. Em 2022 ser\u00e3o definidos os cargos de presidente da Rep\u00fablica, governadores, senadores e deputados federais e estaduais.&nbsp; Quem precisa acertar pend\u00eancias e multas de [&hellip;]<\/p>\n","protected":false},"author":1,"featured_media":12614,"comment_status":"open","ping_status":"open","sticky":false,"template":"","format":"standard","meta":{"footnotes":""},"categories":[97,188],"tags":[1496,1497],"_links":{"self":[{"href":"https:\/\/revidigital.ielusc.br\/index.php\/wp-json\/wp\/v2\/posts\/6440"}],"collection":[{"href":"https:\/\/revidigital.ielusc.br\/index.php\/wp-json\/wp\/v2\/posts"}],"about":[{"href":"https:\/\/revidigital.ielusc.br\/index.php\/wp-json\/wp\/v2\/types\/post"}],"author":[{"embeddable":true,"href":"https:\/\/revidigital.ielusc.br\/index.php\/wp-json\/wp\/v2\/users\/1"}],"replies":[{"embeddable":true,"href":"https:\/\/revidigital.ielusc.br\/index.php\/wp-json\/wp\/v2\/comments?post=6440"}],"version-history":[{"count":1,"href":"https:\/\/revidigital.ielusc.br\/index.php\/wp-json\/wp\/v2\/posts\/6440\/revisions"}],"predecessor-version":[{"id":12615,"href":"https:\/\/revidigital.ielusc.br\/index.php\/wp-json\/wp\/v2\/posts\/6440\/revisions\/12615"}],"wp:featuredmedia":[{"embeddable":true,"href":"https:\/\/revidigital.ielusc.br\/index.php\/wp-json\/wp\/v2\/media\/12614"}],"wp:attachment":[{"href":"https:\/\/revidigital.ielusc.br\/index.php\/wp-json\/wp\/v2\/media?parent=6440"}],"wp:term":[{"taxonomy":"category","embeddable":true,"href":"https:\/\/revidigital.ielusc.br\/index.php\/wp-json\/wp\/v2\/categories?post=6440"},{"taxonomy":"post_tag","embeddable":true,"href":"https:\/\/revidigital.ielusc.br\/index.php\/wp-json\/wp\/v2\/tags?post=6440"}],"curies":[{"name":"wp","href":"https:\/\/api.w.org\/{rel}","templated":true}]}}