{"id":6454,"date":"2022-05-10T16:46:22","date_gmt":"2022-05-10T19:46:22","guid":{"rendered":"http:\/\/revidigital.com.br\/?p=6454"},"modified":"2022-09-10T15:20:50","modified_gmt":"2022-09-10T18:20:50","slug":"a-tragedia-do-batman","status":"publish","type":"post","link":"https:\/\/revidigital.ielusc.br\/index.php\/2022\/05\/10\/a-tragedia-do-batman\/","title":{"rendered":"A trag\u00e9dia do Batman"},"content":{"rendered":"\n<p><em><strong>Por Eduardo Gums<\/strong><\/em><\/p>\n\n\n\n<p>No fim dos anos 1980 at\u00e9 o come\u00e7o dos anos 1990, o mundo do cinema viveu um fen\u00f4meno que ficou conhecido como Bat-mania. Tal populariza\u00e7\u00e3o do personagem Batman foi causada pelos filmes dirigidos por Tim Burton em 1989 e 1992. Nesse contexto em que a popularidade&nbsp; do personagem era quase uma mania, a Warner Bros Animation contratou Bruce W Timm para produzir uma s\u00e9rie animada do personagem.<\/p>\n\n\n\n<p>Timm, que j\u00e1 havia feito parte da equipe de Tiny Toons Adventures (baseada nos personagens da turma do Pernalonga), se uniu ent\u00e3o com Paul Dini e Mitch Brian para produzir a anima\u00e7\u00e3o que seria exibida na Fox Kids em hor\u00e1rio nobre entre 1992 e 1995. Foram produzidos 85 epis\u00f3dios e dois filmes (um em 1993 e outro em 1998), sendo um deles Batman: A m\u00e1scara do Fantasma, lan\u00e7ado em 25 de dezembro de 1993.<\/p>\n\n\n<div class=\"wp-block-image\">\n<figure class=\"aligncenter size-full\"><img decoding=\"async\" loading=\"lazy\" width=\"768\" height=\"1024\" src=\"https:\/\/revidigital.ielusc.br\/wp-content\/uploads\/2022\/09\/2b12ca0c63d1c20e928c3b519a940b3633a4d351165e147e4c4d89aee49658b1._RI_V_TTW_-768x1024-1.jpg\" alt=\"\" class=\"wp-image-12608\"\/><figcaption><sup>Divulga\u00e7\u00e3o<\/sup><\/figcaption><\/figure><\/div>\n\n\n<p>Inicialmente produzido como um produto direto para v\u00eddeo, o filme ganhou uma breve exibi\u00e7\u00e3o nos cinemas. Tal exibi\u00e7\u00e3o arrecadou pouco e n\u00e3o chamou muita aten\u00e7\u00e3o. Foi somente nos anos posteriores ao seu lan\u00e7amento que o filme foi redescoberto e se transformou junto com a s\u00e9rie animada, em um cl\u00e1ssico cult.<\/p>\n\n\n\n<p>A ideia do filme nasceu como&nbsp; dois epis\u00f3dios da s\u00e9rie animada. O primeiro era intitulado como Masks (M\u00e1scaras) e o segundo como Vigil (Vig\u00edlia). Masks era um epis\u00f3dio dividido em duas partes cuja hist\u00f3ria foi muito aproveitada no presente filme. Vigil iria explorar a origem deste homem-morcego do ponto de vista do mordomo Alfred. A primeira noite como justiceiro \u00e9 a parte do roteiro de Vigil, que \u00e9 aproveitado aqui.<\/p>\n\n\n\n<p>A hist\u00f3ria de A m\u00e1scara do Fantasma \u00e9 simples. Dez anos ap\u00f3s ter vestido a capa e o capuz do morcego, Bruce Wayne&nbsp; enfrenta a amea\u00e7a de um outro justiceiro mascarado n\u00e3o nomeado. Este novo personagem acaba por assassinar figuras mafiosas da cidade, sujando o nome do her\u00f3i. Ele investiga o caso enquanto lida com o retorno de um antigo amor, Andrea Beaumont.<\/p>\n\n\n\n<p>O filme foi dirigido por Bruce Timm e Eric Ramdoski. O roteiro escrito a oito m\u00e3os (Alan Burnett, Paul Dini, Martin Pasko&nbsp;e Michael Reaves) consegue abordar temas pesados. Coisa que era muito comum na s\u00e9rie de 85 epis\u00f3dios produzida pelos j\u00e1 citados roteiristas. Essencialmente uma hist\u00f3ria de amor e destino, o filme apresenta uma das hist\u00f3rias de origem mais tr\u00e1gicas do personagem.<\/p>\n\n\n<div class=\"wp-block-image\">\n<figure class=\"aligncenter size-full\"><img decoding=\"async\" loading=\"lazy\" width=\"1024\" height=\"576\" src=\"https:\/\/revidigital.ielusc.br\/wp-content\/uploads\/2022\/09\/7iSntL99fcgDZmqW7oT4vcf47c6-1024x576-1.jpg\" alt=\"\" class=\"wp-image-12610\"\/><figcaption><sup>Fantasma (Divulga\u00e7\u00e3o)<\/sup><\/figcaption><\/figure><\/div>\n\n\n<p>Ao longo dos 76 minutos de proje\u00e7\u00e3o o filme traz influ\u00eancias de Cidad\u00e3o Kane (Orson Welles, EUA, 1941) em uma hist\u00f3ria que ficou na mem\u00f3ria dos f\u00e3s por ser envolvente e mostrar as trag\u00e9dias que cercam a vida do personagem. Al\u00e9m de uma hist\u00f3ria memor\u00e1vel e complexa,&nbsp; o filme traz um excelente trabalho de voz.<\/p>\n\n\n\n<p>Kevin Conroy se consagrou como a voz definitiva do personagem. Criando vozes distintas para Bruce Wayne e Batman, o ator consegue realizar um feito que pode e deve ser considerado um grande trabalho de Voice Acting (Trabalho de Voz).&nbsp;<\/p>\n\n\n\n<p>Dana Delany tamb\u00e9m est\u00e1 muito bem como Andrea Beaumont. Mark Hamill&nbsp; tem uma assustadora interpreta\u00e7\u00e3o como o Coringa.&nbsp; Hamill \u00e9 considerado um dos melhores palha\u00e7os do crime no cinema. Seu trabalho o levou a dublar o vil\u00e3o na s\u00e9rie de jogos Arkham.<\/p>\n\n\n\n<p>A ambienta\u00e7\u00e3o do filme \u00e9 fant\u00e1stica e muito imersiva. Apesar de se passar nos anos 1990, a obra tem uma est\u00e9tica atemporal. A mistura entre carros e moda dos anos 1940 e 1950 com tecnologia de sua \u00e9poca&nbsp; \u00e9 uma uni\u00e3o t\u00e3o perfeita que nunca foi superada.<\/p>\n\n\n\n<p>No final, o filme de Bruce Timm consegue um feito in\u00e9dito. Ao contar uma hist\u00f3ria adulta&nbsp; num desenho \u201cinfantil\u201d, a pel\u00edcula&nbsp; criou, junto da s\u00e9rie de onde se originou, uma nova forma de se contar hist\u00f3rias com o personagem. Que foi referenciado&nbsp; por Robert Pattinson ao longo da divulga\u00e7\u00e3o de Batman (2022) como uma das melhores adapta\u00e7\u00f5es do personagem. Quase trinta anos ap\u00f3s seu lan\u00e7amento original e com uma nova s\u00e9rie programada para o ano que vem, este filme e o show animado&nbsp; de onde&nbsp; ele se originou, continua como a vers\u00e3o definitiva do personagem em anima\u00e7\u00e3o.<\/p>\n\n\n\n<figure class=\"wp-block-embed aligncenter is-type-video is-provider-youtube wp-block-embed-youtube wp-embed-aspect-16-9 wp-has-aspect-ratio\"><div class=\"wp-block-embed__wrapper\">\n<iframe loading=\"lazy\" title=\"Batman: Mask of the Phantasm - Original Theatrical Trailer\" width=\"800\" height=\"450\" src=\"https:\/\/www.youtube.com\/embed\/4PK5CYZlHMA?feature=oembed\" frameborder=\"0\" allow=\"accelerometer; autoplay; clipboard-write; encrypted-media; gyroscope; picture-in-picture\" allowfullscreen><\/iframe>\n<\/div><\/figure>\n","protected":false},"excerpt":{"rendered":"<p>Por Eduardo Gums No fim dos anos 1980 at\u00e9 o come\u00e7o dos anos 1990, o mundo do cinema viveu um fen\u00f4meno que ficou conhecido como Bat-mania. Tal populariza\u00e7\u00e3o do personagem Batman foi causada pelos filmes dirigidos por Tim Burton em 1989 e 1992. Nesse contexto em que a popularidade&nbsp; do personagem era quase uma mania, [&hellip;]<\/p>\n","protected":false},"author":23,"featured_media":12607,"comment_status":"open","ping_status":"open","sticky":false,"template":"","format":"standard","meta":{"footnotes":""},"categories":[1580],"tags":[1501,1502,1581,1503],"_links":{"self":[{"href":"https:\/\/revidigital.ielusc.br\/index.php\/wp-json\/wp\/v2\/posts\/6454"}],"collection":[{"href":"https:\/\/revidigital.ielusc.br\/index.php\/wp-json\/wp\/v2\/posts"}],"about":[{"href":"https:\/\/revidigital.ielusc.br\/index.php\/wp-json\/wp\/v2\/types\/post"}],"author":[{"embeddable":true,"href":"https:\/\/revidigital.ielusc.br\/index.php\/wp-json\/wp\/v2\/users\/23"}],"replies":[{"embeddable":true,"href":"https:\/\/revidigital.ielusc.br\/index.php\/wp-json\/wp\/v2\/comments?post=6454"}],"version-history":[{"count":1,"href":"https:\/\/revidigital.ielusc.br\/index.php\/wp-json\/wp\/v2\/posts\/6454\/revisions"}],"predecessor-version":[{"id":12611,"href":"https:\/\/revidigital.ielusc.br\/index.php\/wp-json\/wp\/v2\/posts\/6454\/revisions\/12611"}],"wp:featuredmedia":[{"embeddable":true,"href":"https:\/\/revidigital.ielusc.br\/index.php\/wp-json\/wp\/v2\/media\/12607"}],"wp:attachment":[{"href":"https:\/\/revidigital.ielusc.br\/index.php\/wp-json\/wp\/v2\/media?parent=6454"}],"wp:term":[{"taxonomy":"category","embeddable":true,"href":"https:\/\/revidigital.ielusc.br\/index.php\/wp-json\/wp\/v2\/categories?post=6454"},{"taxonomy":"post_tag","embeddable":true,"href":"https:\/\/revidigital.ielusc.br\/index.php\/wp-json\/wp\/v2\/tags?post=6454"}],"curies":[{"name":"wp","href":"https:\/\/api.w.org\/{rel}","templated":true}]}}