{"id":6585,"date":"2022-06-09T19:23:14","date_gmt":"2022-06-09T22:23:14","guid":{"rendered":"http:\/\/revidigital.com.br\/?p=6585"},"modified":"2022-09-09T20:24:15","modified_gmt":"2022-09-09T23:24:15","slug":"podcasts-conquistam-audiencia-durante-e-depois-da-pandemia","status":"publish","type":"post","link":"https:\/\/revidigital.ielusc.br\/index.php\/2022\/06\/09\/podcasts-conquistam-audiencia-durante-e-depois-da-pandemia\/","title":{"rendered":"Podcasts conquistam audi\u00eancia durante e depois da pandemia"},"content":{"rendered":"\n<p><strong><em>Por Amanda Santos<\/em><\/strong><\/p>\n\n\n\n<p>Os <em>podcasts<\/em> s\u00e3o programas em \u00e1udio que est\u00e3o dispon\u00edveis em plataformas de <em>streaming<\/em>, podendo ser integrados com outros formatos, por exemplo \u00e1udio e v\u00eddeo, como \u00e9 o caso do <em>Youtube<\/em>. Os conte\u00fados em \u00e1udio s\u00e3o conhecidos desde a \u00e9poca do r\u00e1dio e o termo <em>podcast<\/em> foi criado em 2004 pelo jornalista ingl\u00eas Ben Hammersley. Entretanto, foi durante a pandemia que os <em>podcasts<\/em> passaram a ganhar destaque.<\/p>\n\n\n\n<p>De acordo com a empresa de pesquisa eMarketer em 2019 14,4% dos usu\u00e1rios da <em>internet<\/em> ouviam <em>podcast<\/em>, em 2020 esse n\u00famero saltou para 16,5% e em 2021 foi para &nbsp;18,7%, o que equivale a 383,7 milh\u00f5es de ouvintes de <em>podcasts<\/em> no mundo todo. No Brasil o interesse pelo conte\u00fado \u00e9 ainda maior, al\u00e9m de estar entre os maiores produtores de <em>podcasts<\/em> do mundo, o pa\u00eds ainda conta com 24,5% dos usu\u00e1rios de <em>internet<\/em> como ouvintes.<\/p>\n\n\n\n<p>Por ser produzido em v\u00e1rias linguagens, como reportagem, fic\u00e7\u00e3o, entrevista, mesa de debate e narrativa e abordar v\u00e1rios temas que v\u00e3o desde educacionais at\u00e9 fofocas de artistas, os <em>podcasts<\/em> acabam agradando v\u00e1rios tipos de personalidade. A jornalista Bruna Schenekemberg, 24 anos, por exemplo, tem prefer\u00eancia por v\u00e1rios g\u00eaneros. \u201cGosto de ouvir programas de entretenimento, tecnologia, not\u00edcias, contos e tamb\u00e9m escuto para aprender idiomas. Eu acompanho um <em>podcast <\/em>que auxilia a aprender ingl\u00eas e outro de italiano\u201d, conta.&nbsp;<\/p>\n\n\n\n<p>Bruna escuta alguns <em>podcasts<\/em> desde 2018 e se encantou pelo formato por conta dos efeitos sonoros que levam o ouvinte para dentro da hist\u00f3ria e tamb\u00e9m pela praticidade de poder fazer outras coisas, como atividades f\u00edsicas e compras no mercado, enquanto ouve algum programa.&nbsp;<\/p>\n\n\n\n<p>Segundo a Pesquisa Podcast \u2013 IBOPE para CMI Globo, 44% das pessoas que consomem <em>podcasts<\/em> escutam enquanto realizam atividades dom\u00e9sticas e outros 38% enquanto navegam pela<em> internet<\/em>. Rafaela Fran\u00e7a, 25 anos, \u00e9 umas dessas pessoas, pois gosta de ouvir programas de fofoca enquanto cozinha ou est\u00e1 no banho. Ela come\u00e7ou a consumir <em>podcasts<\/em> durante a pandemia e gosta do formato pois ele permite que a imagina\u00e7\u00e3o seja utilizada. \u201cGosto de ouvir hist\u00f3rias e utilizar a imagina\u00e7\u00e3o para me guiar durante todo o programa\/epis\u00f3dio\u201d, explica.Ainda conforme a pesquisa Podcast \u2013 IBOPE para CMI Globo 81% dos ouvintes consomem <em>podcast<\/em> ao menos uma vez por semana, o que mostra uma frequ\u00eancia entre os usu\u00e1rios. Como \u00e9 o caso de Victor Hugo Nunes, 21 anos, que escuta seus programas no m\u00ednimo duas vezes por semana. Para Victor os <em>podcasts <\/em>s\u00e3o uma forma de lazer, em que ele passa o tempo ouvindo, principalmente, hist\u00f3rias de terror.<\/p>\n","protected":false},"excerpt":{"rendered":"<p>Por Amanda Santos Os podcasts s\u00e3o programas em \u00e1udio que est\u00e3o dispon\u00edveis em plataformas de streaming, podendo ser integrados com outros formatos, por exemplo \u00e1udio e v\u00eddeo, como \u00e9 o caso do Youtube. Os conte\u00fados em \u00e1udio s\u00e3o conhecidos desde a \u00e9poca do r\u00e1dio e o termo podcast foi criado em 2004 pelo jornalista ingl\u00eas [&hellip;]<\/p>\n","protected":false},"author":1,"featured_media":12488,"comment_status":"open","ping_status":"open","sticky":false,"template":"","format":"standard","meta":{"footnotes":""},"categories":[97,88,6],"tags":[1577,74,1236,93],"_links":{"self":[{"href":"https:\/\/revidigital.ielusc.br\/index.php\/wp-json\/wp\/v2\/posts\/6585"}],"collection":[{"href":"https:\/\/revidigital.ielusc.br\/index.php\/wp-json\/wp\/v2\/posts"}],"about":[{"href":"https:\/\/revidigital.ielusc.br\/index.php\/wp-json\/wp\/v2\/types\/post"}],"author":[{"embeddable":true,"href":"https:\/\/revidigital.ielusc.br\/index.php\/wp-json\/wp\/v2\/users\/1"}],"replies":[{"embeddable":true,"href":"https:\/\/revidigital.ielusc.br\/index.php\/wp-json\/wp\/v2\/comments?post=6585"}],"version-history":[{"count":1,"href":"https:\/\/revidigital.ielusc.br\/index.php\/wp-json\/wp\/v2\/posts\/6585\/revisions"}],"predecessor-version":[{"id":12489,"href":"https:\/\/revidigital.ielusc.br\/index.php\/wp-json\/wp\/v2\/posts\/6585\/revisions\/12489"}],"wp:featuredmedia":[{"embeddable":true,"href":"https:\/\/revidigital.ielusc.br\/index.php\/wp-json\/wp\/v2\/media\/12488"}],"wp:attachment":[{"href":"https:\/\/revidigital.ielusc.br\/index.php\/wp-json\/wp\/v2\/media?parent=6585"}],"wp:term":[{"taxonomy":"category","embeddable":true,"href":"https:\/\/revidigital.ielusc.br\/index.php\/wp-json\/wp\/v2\/categories?post=6585"},{"taxonomy":"post_tag","embeddable":true,"href":"https:\/\/revidigital.ielusc.br\/index.php\/wp-json\/wp\/v2\/tags?post=6585"}],"curies":[{"name":"wp","href":"https:\/\/api.w.org\/{rel}","templated":true}]}}