{"id":710,"date":"2018-10-03T14:53:37","date_gmt":"2018-10-03T17:53:37","guid":{"rendered":"http:\/\/revidigital.com.br\/?p=710"},"modified":"2018-10-03T14:53:37","modified_gmt":"2018-10-03T17:53:37","slug":"semana-academica-de-administracao-incentiva-empreendedorismo-consciente","status":"publish","type":"post","link":"https:\/\/revidigital.ielusc.br\/index.php\/2018\/10\/03\/semana-academica-de-administracao-incentiva-empreendedorismo-consciente\/","title":{"rendered":"Semana Acad\u00eamica de Administra\u00e7\u00e3o incentiva empreendedorismo consciente"},"content":{"rendered":"<p>Desde ontem ocorre a\u00a0<strong>3\u00b0 Semana Acad\u00eamica de Administra\u00e7\u00e3o<\/strong> na <strong>Faculdade Ielusc<\/strong>. A partir de palestras e oficinas, o evento promove reflex\u00f5es sobre a \u00e1rea.\u00a0 A abertura contou com\u00a0a participa\u00e7\u00e3o da\u00a0\u00a0<strong>Cia da dan\u00e7a DBrothers,<\/strong>\u00a0do Instituto Federal de Santa Catarina, coordenado por Daniela Cristina Viana. A palestrante da noite foi Rosa da Luz, representante da <strong>Luz e Oliveira Contadores.<\/strong>\u00a0O evento continua hoje, no audit\u00f3rio da Unidade Sagua\u00e7u, a partir das 19 horas.<\/p>\n<figure id=\"attachment_712\" aria-describedby=\"caption-attachment-712\" style=\"width: 1280px\" class=\"wp-caption alignnone\"><img decoding=\"async\" loading=\"lazy\" class=\"wp-image-712 size-full\" src=\"http:\/\/revidigital.com.br\/wp-content\/uploads\/2018\/10\/WhatsApp-Image-2018-10-03-at-1.48.17-PM.jpeg\" alt=\"\" width=\"1280\" height=\"603\" \/><figcaption id=\"caption-attachment-712\" class=\"wp-caption-text\">Companhia de Dan\u00e7a DBrothers, do IFSC,\u00a0 proporcionou um momento art\u00edstico com suas coreografias\/ Foto: divulga\u00e7\u00e3o<\/figcaption><\/figure>\n<p>Ontem a palestrante falou sobre a import\u00e2ncia de se conhecer e ter um prop\u00f3sito para as coisas. Ela realizou\u00a0algumas din\u00e2micas para provocar reflex\u00f5es a cerca da profiss\u00e3o escolhida, sobre o futuro e sobre atitudes.\u00a0Hoje, Rosa lidera uma atividade, junto com um grupo de 20 acad\u00eamicos do 6\u00b0 per\u00edodo de Administra\u00e7\u00e3o. A proposta \u00e9 realizar quatro oficinas que inspirem um empreendedorismo mais consciente e com prop\u00f3sito.<\/p>\n","protected":false},"excerpt":{"rendered":"<p>Desde ontem ocorre a\u00a03\u00b0 Semana Acad\u00eamica de Administra\u00e7\u00e3o na Faculdade Ielusc. A partir de palestras e oficinas, o evento promove reflex\u00f5es sobre a \u00e1rea.\u00a0 A abertura contou com\u00a0a participa\u00e7\u00e3o da\u00a0\u00a0Cia da dan\u00e7a DBrothers,\u00a0do Instituto Federal de Santa Catarina, coordenado por Daniela Cristina Viana. A palestrante da noite foi Rosa da Luz, representante da Luz e [&hellip;]<\/p>\n","protected":false},"author":3,"featured_media":711,"comment_status":"open","ping_status":"open","sticky":false,"template":"","format":"standard","meta":{"footnotes":""},"categories":[88,78,24],"tags":[195,196,197,198,178],"_links":{"self":[{"href":"https:\/\/revidigital.ielusc.br\/index.php\/wp-json\/wp\/v2\/posts\/710"}],"collection":[{"href":"https:\/\/revidigital.ielusc.br\/index.php\/wp-json\/wp\/v2\/posts"}],"about":[{"href":"https:\/\/revidigital.ielusc.br\/index.php\/wp-json\/wp\/v2\/types\/post"}],"author":[{"embeddable":true,"href":"https:\/\/revidigital.ielusc.br\/index.php\/wp-json\/wp\/v2\/users\/3"}],"replies":[{"embeddable":true,"href":"https:\/\/revidigital.ielusc.br\/index.php\/wp-json\/wp\/v2\/comments?post=710"}],"version-history":[{"count":0,"href":"https:\/\/revidigital.ielusc.br\/index.php\/wp-json\/wp\/v2\/posts\/710\/revisions"}],"wp:featuredmedia":[{"embeddable":true,"href":"https:\/\/revidigital.ielusc.br\/index.php\/wp-json\/"}],"wp:attachment":[{"href":"https:\/\/revidigital.ielusc.br\/index.php\/wp-json\/wp\/v2\/media?parent=710"}],"wp:term":[{"taxonomy":"category","embeddable":true,"href":"https:\/\/revidigital.ielusc.br\/index.php\/wp-json\/wp\/v2\/categories?post=710"},{"taxonomy":"post_tag","embeddable":true,"href":"https:\/\/revidigital.ielusc.br\/index.php\/wp-json\/wp\/v2\/tags?post=710"}],"curies":[{"name":"wp","href":"https:\/\/api.w.org\/{rel}","templated":true}]}}